{"id":71303,"date":"2022-02-26T13:09:13","date_gmt":"2022-02-26T16:09:13","guid":{"rendered":"https:\/\/laurbedigital.com.ar\/noticias\/?p=71303"},"modified":"2022-02-26T13:09:37","modified_gmt":"2022-02-26T16:09:37","slug":"este-lunes-y-martes-llegan-los-shows-de-carnaval-a-almirante-brown","status":"publish","type":"post","link":"https:\/\/laurbedigital.com.ar\/noticias\/2022\/02\/26\/este-lunes-y-martes-llegan-los-shows-de-carnaval-a-almirante-brown\/","title":{"rendered":"Este lunes y martes llegan los shows de carnaval a Almirante Brown"},"content":{"rendered":"<h5 dir=\"ltr\">El Municipio de Almirante Brown inform\u00f3 que llevar\u00e1 adelante el lunes 28 de febrero y el martes 1\u00b0 de marzo los tradicionales shows de carnaval en Longchamps, los cuales este a\u00f1o contar\u00e1n con la participaci\u00f3n de agrupaciones y murgas locales, la comparsa Mar\u00ed Mar\u00ed, el show de Amar Azul y un cierre de lujo a cargo de Los Palmeras.<\/h5>\n<p dir=\"ltr\">Desde la gesti\u00f3n del intendente interino Juan Fabiani precisaron que las actividades se llevar\u00e1n adelante de manera libre y gratuita en el Cors\u00f3dromo de Longchamps, ubicado en el cruce de Doctor L. Chiesa y Francia, desde las 19 y las 18 horas.<\/p>\n<p>En este sentido, el lunes 28 de febrero desde las 19 horas se presentar\u00e1n \u201cLos Amantes de la Boca\u201d y la banda de cumbia \u00abAmar Azul\u00bb, mientras que el martes 1\u00b0 de marzo, a partir de las 18 horas, brindar\u00e1n un show la comparsa \u00abMar\u00ed Mar\u00ed\u00bb y tambi\u00e9n la hist\u00f3rica banda de cumbia santafesina \u00abLos Palmeras\u00bb.<\/p>\n<p><img loading=\"lazy\" decoding=\"async\" class=\"alignnone  wp-image-71305\" src=\"https:\/\/laurbedigital.com.ar\/noticias\/wp-content\/uploads\/2022\/02\/20220226-Brown-Carnaval1.jpg\" alt=\"\" width=\"700\" height=\"390\" title=\"\" srcset=\"https:\/\/laurbedigital.com.ar\/noticias\/wp-content\/uploads\/2022\/02\/20220226-Brown-Carnaval1.jpg 768w, https:\/\/laurbedigital.com.ar\/noticias\/wp-content\/uploads\/2022\/02\/20220226-Brown-Carnaval1-300x167.jpg 300w\" sizes=\"auto, (max-width: 700px) 100vw, 700px\" \/><\/p>\n<p>Asimismo, en ambos d\u00edas habr\u00e1 espect\u00e1culos de distintas murgas y comparsas locales, entre ellas \u201cMaracana de Burzaco\u201d, \u201cLos \u00c1ngeles de la Noche\u201d de Adrogu\u00e9, \u201cSol Naciente del Tr\u00e9bol\u201d de Glew, \u201cAmor do Samba\u201d de Burzaco, \u201cAl Borde Centro de Murga\u201d de Ministro Rivadavia, \u201cAlegr\u00eda Zona Sur\u201d de Burzaco, \u00abLos Mimosos\u00bb de Burzaco, y \u201cLos Herederos de Jos\u00e9 M\u00e1rmol\u201d.<\/p>\n<p>Desde el Instituto Municipal de las Culturas indicaron, que los vecinos y vecinas que asistir\u00e1n deber\u00e1n hacerlo con el Pase Sanitario para mayores de 13 a\u00f1os a trav\u00e9s de la aplicaci\u00f3n \u201cCuidar &#8211; Sistema de prevenci\u00f3n y cuidado ciudadano contra COVID-19\u201d, que puede descargarse en forma gratuita en las tiendas de aplicaciones oficiales de Android e iOS.<\/p>\n<p><img loading=\"lazy\" decoding=\"async\" class=\"alignnone wp-image-71306\" src=\"https:\/\/laurbedigital.com.ar\/noticias\/wp-content\/uploads\/2022\/02\/20220226-Brown-Carnaval2.jpg\" alt=\"\" width=\"700\" height=\"390\" title=\"\" srcset=\"https:\/\/laurbedigital.com.ar\/noticias\/wp-content\/uploads\/2022\/02\/20220226-Brown-Carnaval2.jpg 768w, https:\/\/laurbedigital.com.ar\/noticias\/wp-content\/uploads\/2022\/02\/20220226-Brown-Carnaval2-300x167.jpg 300w\" sizes=\"auto, (max-width: 700px) 100vw, 700px\" \/><\/p>\n<p dir=\"ltr\">Finalmente, el diputado bonaerense <strong>Mariano Cascallares destac\u00f3 que \u00abcomo todos los a\u00f1os vuelven a Almirante Brown los shows de carnaval para todos los vecinos y vecinas, con entrada libre y gratuita para compartir unas noches diferentes en familia o con amigos\u00bb. \u00abEn este 2022 volvemos a los festejos de Carnaval con presencialidad tomando los recaudos en el marco de la pandemia\u00bb, finaliz\u00f3.<\/strong><\/p>\n<p dir=\"ltr\">\n","protected":false},"excerpt":{"rendered":"<p>El Municipio de Almirante Brown inform\u00f3 que llevar\u00e1 adelante el lunes 28 de febrero y el martes 1\u00b0 de marzo<\/p>\n","protected":false},"author":1,"featured_media":71304,"comment_status":"closed","ping_status":"closed","sticky":false,"template":"","format":"standard","meta":{"kia_subtitle":"","footnotes":"","jetpack_publicize_message":"Este lunes y martes llegan los shows de carnaval a Almirante Brown","jetpack_publicize_feature_enabled":true,"jetpack_social_post_already_shared":true,"jetpack_social_options":{"image_generator_settings":{"template":"highway","default_image_id":0,"font":"","enabled":false},"version":2}},"categories":[2,33,53],"tags":[],"class_list":["post-71303","post","type-post","status-publish","format-standard","has-post-thumbnail","hentry","category-alte-brown","category-alte-brown-alte-brown","category-longchamps"],"jetpack_publicize_connections":[],"jetpack_featured_media_url":"https:\/\/laurbedigital.com.ar\/noticias\/wp-content\/uploads\/2022\/02\/20220226-Brown-Carnaval.jpg","_links":{"self":[{"href":"https:\/\/laurbedigital.com.ar\/noticias\/wp-json\/wp\/v2\/posts\/71303","targetHints":{"allow":["GET"]}}],"collection":[{"href":"https:\/\/laurbedigital.com.ar\/noticias\/wp-json\/wp\/v2\/posts"}],"about":[{"href":"https:\/\/laurbedigital.com.ar\/noticias\/wp-json\/wp\/v2\/types\/post"}],"author":[{"embeddable":true,"href":"https:\/\/laurbedigital.com.ar\/noticias\/wp-json\/wp\/v2\/users\/1"}],"replies":[{"embeddable":true,"href":"https:\/\/laurbedigital.com.ar\/noticias\/wp-json\/wp\/v2\/comments?post=71303"}],"version-history":[{"count":3,"href":"https:\/\/laurbedigital.com.ar\/noticias\/wp-json\/wp\/v2\/posts\/71303\/revisions"}],"predecessor-version":[{"id":71309,"href":"https:\/\/laurbedigital.com.ar\/noticias\/wp-json\/wp\/v2\/posts\/71303\/revisions\/71309"}],"wp:featuredmedia":[{"embeddable":true,"href":"https:\/\/laurbedigital.com.ar\/noticias\/wp-json\/wp\/v2\/media\/71304"}],"wp:attachment":[{"href":"https:\/\/laurbedigital.com.ar\/noticias\/wp-json\/wp\/v2\/media?parent=71303"}],"wp:term":[{"taxonomy":"category","embeddable":true,"href":"https:\/\/laurbedigital.com.ar\/noticias\/wp-json\/wp\/v2\/categories?post=71303"},{"taxonomy":"post_tag","embeddable":true,"href":"https:\/\/laurbedigital.com.ar\/noticias\/wp-json\/wp\/v2\/tags?post=71303"}],"curies":[{"name":"wp","href":"https:\/\/api.w.org\/{rel}","templated":true}]}}