{"id":713,"date":"2016-01-28T15:59:50","date_gmt":"2016-01-28T15:59:50","guid":{"rendered":"http:\/\/laurbedigital.com.ar\/noticias\/?p=713"},"modified":"2016-01-28T15:59:50","modified_gmt":"2016-01-28T15:59:50","slug":"el-gobierno-de-macri-arremete-con-el-despido-de-140-trabajadores-en-fabricaciones-militares","status":"publish","type":"post","link":"https:\/\/laurbedigital.com.ar\/noticias\/2016\/01\/28\/el-gobierno-de-macri-arremete-con-el-despido-de-140-trabajadores-en-fabricaciones-militares\/","title":{"rendered":"El Gobierno de Macri arremete con el despido de 140 trabajadores en Fabricaciones Militares"},"content":{"rendered":"<p>Los empleados se encontraron esta ma\u00f1ana con un operativo de la Polic\u00eda Federal que imped\u00eda el acceso al edificio sobre la avenida Cabildo. Luego de pasar lista de los despidos, 140 trabajadores de una planta de 350 no pudieron ingresar a cumplir con sus funciones. El brazo del ajuste macrista no se detiene.<\/p>\n<p>Los despedidos trabajaban en la sede central de Fabricaciones Militares (FM), ubicada en la avenida Cabildo 65 de la Capital, donde esta ma\u00f1ana un grupo de empleados se present\u00f3 a su lugar de trabajo y un operativo de la Polic\u00eda Federal les impidi\u00f3 el ingreso.<\/p>\n<p>FM posee plantas en Azul, Santa Fe, San Juan y C\u00f3rdoba, donde se fabrican explosivos, municiones y se realizan diversas tareas relacionadas a la industria para la defensa y la seguridad. Dependiente del Ministerio de Defensa, FM est\u00e1 dirigida por el secretario de Ciencia, Tecnolog\u00eda y Producci\u00f3n para la Defensa, H\u00e9ctor Lostri.<\/p>\n","protected":false},"excerpt":{"rendered":"<p>Los empleados se encontraron esta ma\u00f1ana con un operativo de la Polic\u00eda Federal que imped\u00eda el acceso al edificio sobre<\/p>\n","protected":false},"author":1,"featured_media":714,"comment_status":"closed","ping_status":"closed","sticky":false,"template":"","format":"standard","meta":{"kia_subtitle":"","footnotes":"","jetpack_publicize_message":"","jetpack_publicize_feature_enabled":true,"jetpack_social_post_already_shared":false,"jetpack_social_options":{"image_generator_settings":{"template":"highway","default_image_id":0,"font":"","enabled":false},"version":2}},"categories":[3,41],"tags":[],"class_list":["post-713","post","type-post","status-publish","format-standard","has-post-thumbnail","hentry","category-actualidad","category-nacionales"],"jetpack_publicize_connections":[],"jetpack_featured_media_url":"https:\/\/laurbedigital.com.ar\/noticias\/wp-content\/uploads\/2016\/01\/20160128-despidos.jpg","_links":{"self":[{"href":"https:\/\/laurbedigital.com.ar\/noticias\/wp-json\/wp\/v2\/posts\/713","targetHints":{"allow":["GET"]}}],"collection":[{"href":"https:\/\/laurbedigital.com.ar\/noticias\/wp-json\/wp\/v2\/posts"}],"about":[{"href":"https:\/\/laurbedigital.com.ar\/noticias\/wp-json\/wp\/v2\/types\/post"}],"author":[{"embeddable":true,"href":"https:\/\/laurbedigital.com.ar\/noticias\/wp-json\/wp\/v2\/users\/1"}],"replies":[{"embeddable":true,"href":"https:\/\/laurbedigital.com.ar\/noticias\/wp-json\/wp\/v2\/comments?post=713"}],"version-history":[{"count":1,"href":"https:\/\/laurbedigital.com.ar\/noticias\/wp-json\/wp\/v2\/posts\/713\/revisions"}],"predecessor-version":[{"id":715,"href":"https:\/\/laurbedigital.com.ar\/noticias\/wp-json\/wp\/v2\/posts\/713\/revisions\/715"}],"wp:featuredmedia":[{"embeddable":true,"href":"https:\/\/laurbedigital.com.ar\/noticias\/wp-json\/wp\/v2\/media\/714"}],"wp:attachment":[{"href":"https:\/\/laurbedigital.com.ar\/noticias\/wp-json\/wp\/v2\/media?parent=713"}],"wp:term":[{"taxonomy":"category","embeddable":true,"href":"https:\/\/laurbedigital.com.ar\/noticias\/wp-json\/wp\/v2\/categories?post=713"},{"taxonomy":"post_tag","embeddable":true,"href":"https:\/\/laurbedigital.com.ar\/noticias\/wp-json\/wp\/v2\/tags?post=713"}],"curies":[{"name":"wp","href":"https:\/\/api.w.org\/{rel}","templated":true}]}}