{"id":7116,"date":"2017-05-02T21:45:32","date_gmt":"2017-05-03T00:45:32","guid":{"rendered":"http:\/\/laurbedigital.com.ar\/noticias\/?p=7116"},"modified":"2017-05-02T21:45:32","modified_gmt":"2017-05-03T00:45:32","slug":"el-pueblo-y-el-gobierno-de-brown-unidos-en-homenaje-a-los-heroes-del-belgrano","status":"publish","type":"post","link":"https:\/\/laurbedigital.com.ar\/noticias\/2017\/05\/02\/el-pueblo-y-el-gobierno-de-brown-unidos-en-homenaje-a-los-heroes-del-belgrano\/","title":{"rendered":"El Pueblo y el Gobierno de Brown unidos en homenaje a los H\u00e9roes del Belgrano"},"content":{"rendered":"<div id=\"m_-7749189281540605058yui_3_16_0_ym19_1_1493753018305_15207\">A 35 a\u00f1os de la Guerra de Malvinas, los h\u00e9roes del Crucero ARA General Belgrano tuvieron su merecido homenaje en un emotivo acto del que participaron autoridades municipales, veteranos de la Guerra de Malvinas, delegaciones escolares, y entidades del distrito.<\/div>\n<div id=\"m_-7749189281540605058yui_3_16_0_ym19_1_1493753018305_15208\"><\/div>\n<div id=\"m_-7749189281540605058yui_3_16_0_ym19_1_1493753018305_15208\">El intendente Mariano Cascallares encabez\u00f3 el acto realizado en la Plaza Brown de Adrogu\u00e9 donde est\u00e1 emplazado el segundo monumento creado en el pa\u00eds \u00a0que homenajea a los tripulantes ca\u00eddos y los sobrevivientes del traicionero hundimiento del crucero argentino.<\/div>\n<div id=\"m_-7749189281540605058yui_3_16_0_ym19_1_1493753018305_15208\"><\/div>\n<div id=\"m_-7749189281540605058yui_3_16_0_ym19_1_1493753018305_15295\">En la ocasi\u00f3n se coloc\u00f3 una ofrenda floral al pie del citado monumento a los h\u00e9roes del crucero, se realiz\u00f3 un minuto de silencio en homenaje a los ca\u00eddos y se entonaron las estrofas del Himno Nacional Argentino.<\/div>\n<div><\/div>\n<div id=\"m_-7749189281540605058yui_3_16_0_ym19_1_1493753018305_15583\">Cascallares subray\u00f3 el trabajo en conjunto con las entidades que el Municipio lleva a cabo para dar a la causa Malvinas el lugar hist\u00f3rico que se merece en la agenda p\u00fablica y convoc\u00f3 a trabajar para malvinizar cada rinc\u00f3n del distrito.<\/div>\n<div><\/div>\n<div id=\"m_-7749189281540605058yui_3_16_0_ym19_1_1493753018305_14949\">Asimismo record\u00f3 el reciente reconocimiento entregado a los veteranos de Malvinas y familiares de los ex combatientes fallecidos declarados por el Concejo Deliberante Ciudadanos Ilustres del Distrito y la imposici\u00f3n del nombre Crucero ARA General Belgrano a la Plaza del Barrio Rayo del Sol de Longchamps, en sinton\u00eda con la decisi\u00f3n pol\u00edtica de la gesti\u00f3n municipal.<\/div>\n<div id=\"m_-7749189281540605058yui_3_16_0_ym19_1_1493753018305_14949\"><\/div>\n<div id=\"m_-7749189281540605058yui_3_16_0_ym19_1_1493753018305_14954\">Acompa\u00f1aron al jefe comunal el diputado nacional Eduardo Fabiani; el presidente del Concejo Deliberante de Almirante Brown, Juan Fabiani; la subsecretaria de Derechos Humanos, Ivana Rezano; el coordinador de ex combatientes de Malvinas, Jos\u00e9 Palacios, concejales, consejeros escolares, funcionaros municipales, autoridades de la Armada Argentina y del Liceo Naval Almirante Brown, veteranos de Malvinas y sobrevivientes del hundimiento del ARA General Belgrano.<\/div>\n","protected":false},"excerpt":{"rendered":"<p>A 35 a\u00f1os de la Guerra de Malvinas, los h\u00e9roes del Crucero ARA General Belgrano tuvieron su merecido homenaje en<\/p>\n","protected":false},"author":1,"featured_media":7117,"comment_status":"closed","ping_status":"closed","sticky":false,"template":"","format":"standard","meta":{"kia_subtitle":"","footnotes":"","jetpack_publicize_message":"","jetpack_publicize_feature_enabled":true,"jetpack_social_post_already_shared":true,"jetpack_social_options":{"image_generator_settings":{"template":"highway","default_image_id":0,"font":"","enabled":false},"version":2}},"categories":[33,2],"tags":[],"class_list":["post-7116","post","type-post","status-publish","format-standard","has-post-thumbnail","hentry","category-alte-brown-alte-brown","category-alte-brown"],"jetpack_publicize_connections":[],"jetpack_featured_media_url":"https:\/\/laurbedigital.com.ar\/noticias\/wp-content\/uploads\/2017\/05\/20170503-browm1.jpg","_links":{"self":[{"href":"https:\/\/laurbedigital.com.ar\/noticias\/wp-json\/wp\/v2\/posts\/7116","targetHints":{"allow":["GET"]}}],"collection":[{"href":"https:\/\/laurbedigital.com.ar\/noticias\/wp-json\/wp\/v2\/posts"}],"about":[{"href":"https:\/\/laurbedigital.com.ar\/noticias\/wp-json\/wp\/v2\/types\/post"}],"author":[{"embeddable":true,"href":"https:\/\/laurbedigital.com.ar\/noticias\/wp-json\/wp\/v2\/users\/1"}],"replies":[{"embeddable":true,"href":"https:\/\/laurbedigital.com.ar\/noticias\/wp-json\/wp\/v2\/comments?post=7116"}],"version-history":[{"count":1,"href":"https:\/\/laurbedigital.com.ar\/noticias\/wp-json\/wp\/v2\/posts\/7116\/revisions"}],"predecessor-version":[{"id":7118,"href":"https:\/\/laurbedigital.com.ar\/noticias\/wp-json\/wp\/v2\/posts\/7116\/revisions\/7118"}],"wp:featuredmedia":[{"embeddable":true,"href":"https:\/\/laurbedigital.com.ar\/noticias\/wp-json\/wp\/v2\/media\/7117"}],"wp:attachment":[{"href":"https:\/\/laurbedigital.com.ar\/noticias\/wp-json\/wp\/v2\/media?parent=7116"}],"wp:term":[{"taxonomy":"category","embeddable":true,"href":"https:\/\/laurbedigital.com.ar\/noticias\/wp-json\/wp\/v2\/categories?post=7116"},{"taxonomy":"post_tag","embeddable":true,"href":"https:\/\/laurbedigital.com.ar\/noticias\/wp-json\/wp\/v2\/tags?post=7116"}],"curies":[{"name":"wp","href":"https:\/\/api.w.org\/{rel}","templated":true}]}}