{"id":70755,"date":"2022-02-17T14:20:17","date_gmt":"2022-02-17T17:20:17","guid":{"rendered":"https:\/\/laurbedigital.com.ar\/noticias\/?p=70755"},"modified":"2022-02-17T17:27:24","modified_gmt":"2022-02-17T20:27:24","slug":"mariano-cascallares-encabezara-la-lista-del-pj-en-almirante-brown","status":"publish","type":"post","link":"https:\/\/laurbedigital.com.ar\/noticias\/2022\/02\/17\/mariano-cascallares-encabezara-la-lista-del-pj-en-almirante-brown\/","title":{"rendered":"Mariano Cascallares encabezar\u00e1 la lista del PJ en Almirante Brown"},"content":{"rendered":"<p>&nbsp;<\/p>\n<h5>En un marco de amplia unidad, contemplando el diverso arco de organizaciones peronistas que militan en el distrito de Almirante Brown, se dio a conocer que el diputado bonaerense Mariano Cascallares volver\u00e1 a ser candidato a presidir el Partido Justicialista local, en las elecciones que se realizar\u00e1n el 27 de marzo.<\/h5>\n<p>En un marco donde el PJ bonaerense se encamina a elegir autoridades en los 135 municipios de la provincia de Buenos Aires, adem\u00e1s de los integrantes del Congreso del Partido, en Almirante Brown se conform\u00f3 una lista de unidad que representa fuertemente el esp\u00edritu del peronismo local, donde Cascallares se encamina a ser reelegido como Presidente del partido.<\/p>\n<p>En este sentido, el PJ browniano propone profundizar un camino signado por la diversidad de voces y un fuerte compromiso pol\u00edtico con base en la militancia barrial con desarrollo en cada barrio de las 12 localidades del distrito.<\/p>\n<p>&nbsp;<\/p>\n<h4><strong>La lista de Almirante Brown<\/strong><\/h4>\n<p>PRESIDENTE: Cascallares, Mariano<br \/>\nVICE &#8211; PRESIDENTE: Quintana, Ofelia<br \/>\nSEC. GENERAL: Fabiani, Juan<br \/>\nSEC. ADMINISTRATIVO Y DE ACTAS: Capasso, Andrea<br \/>\nSEC. DE ORGANIZACI\u00d3N: Lepere, Jos\u00e9<br \/>\nSEC. DE ADOCTRINAMIENTO: Pellegrini, Andr\u00e9s<br \/>\nSEC. DE ACCI\u00d3N SOCIAL: Mart\u00ednez, Mar\u00eda Rosa<br \/>\nSEC. DE RELACIONES: Alfonso, Hern\u00e1n<br \/>\nSEC. DE FINANZAS: Aguirre, Gabriel<br \/>\nSEC. DE CULTURA: Pereira Ben\u00edtez, Libera<br \/>\nSEC. DE LA MUJER: Vilotta, Cristina<br \/>\nSEC. DE ASUNTOS GREMIALES: Tuya, Carlos<br \/>\nSEC. DE JUVENTUD: Ortiz, Micaela<br \/>\nSEC. DE DERECHOS HUMANOS: Matarazzo, Hugo<br \/>\nSEC. T\u00c9CNICO PROFESIONAL: Casaforte, Mariel<br \/>\nSEC. DE DISCAPACIDAD: Silva, Mar\u00eda Marta<\/p>\n<p>VOCALES TITULARES:<br \/>\n1. Fabiani, Eduardo<br \/>\n2. Calderon, Eva<br \/>\n3. Amichetti, H\u00e9ctor<br \/>\n4. Russo, Marilina<br \/>\n5. Jerez, Horacio<br \/>\n6. Palazzo, Sandra<br \/>\n7. Lopez, Adri\u00e1n<br \/>\n8. Batkin, Sandra<br \/>\nVOCALES SUPLENTES:<br \/>\n1. Ravenna, Carlos<br \/>\n2. Napoli, Fiorella<br \/>\n3. Gim\u00e9nez, Pablo<br \/>\n4. Villanueva, Beatriz<br \/>\n5. Antoniani, Guillermo<br \/>\n6. Gadea, Paula<br \/>\n7. Serfaty, Salvador<br \/>\n8. Zenobi, Lucia<br \/>\n9. Torres, Alejandro<br \/>\n10. M\u00e9ndez, Patricia<br \/>\n11. Di Rico, Mat\u00edas<br \/>\n12. Acu\u00f1a, Sabrina<\/p>\n<p>CONGRESALES:<br \/>\nTITULARES<br \/>\n1- FABIANI, JUAN<br \/>\n2- NAPOLI, ANTONELA<br \/>\n3- JAWTUSCHENKO, NICOLAS<br \/>\n4- CECCHINI, CECILIA<br \/>\n5- VELEZ, JOSE<br \/>\n6- MI\u00d1AN, BARBARA<br \/>\n7- MONTERIO, GABRIEL<br \/>\n8- WARRELL, NORMA<br \/>\n9- SCHUSTER, JUAN PABLO<br \/>\n10- VILOTTA, CRISTINA<br \/>\n11- CALVO, GONZALO<br \/>\n12- CORBALAN, SANDRA<br \/>\n13- VILLARONGA, IGNACIO<br \/>\n14- ALLENDE, KARINA<br \/>\n15- PEREIRA BENITEZ, JUAN MANUEL<br \/>\n16- AGUILAR, SONIA<br \/>\n17- BORSETTI, MARTIN<br \/>\n18- ORTIZ, MICAELA<br \/>\n19- BONETTO, ANDREA<br \/>\n20- RICHIERI, ROXANA<br \/>\n21- BATTAFARANO, LEANDRO<br \/>\n22- CASCALLARES, MARIANO<\/p>\n<p>CONGRESALES SUPLENTES:<br \/>\n1- Olivera, Leonardo<br \/>\n2- Aranda, Silvina<br \/>\n3- Mars, Ezequiel<br \/>\n4- Almaras, Natalia<br \/>\n5- Insfran, Daniel<br \/>\n6- Castillo, Mari<br \/>\n7- Mart\u00ednez, Dami\u00e1n<br \/>\n8- Gonz\u00e1lez, Maura<br \/>\n9- Cabrera, Carina<br \/>\n10- Cardozo, Oscar<br \/>\n11- De Los santos, Carlos<\/p>\n<p>&nbsp;<\/p>\n<p>&nbsp;<\/p>\n","protected":false},"excerpt":{"rendered":"<p>&nbsp; En un marco de amplia unidad, contemplando el diverso arco de organizaciones peronistas que militan en el distrito de<\/p>\n","protected":false},"author":1,"featured_media":70756,"comment_status":"closed","ping_status":"closed","sticky":false,"template":"","format":"standard","meta":{"kia_subtitle":"","footnotes":"","jetpack_publicize_message":"","jetpack_publicize_feature_enabled":true,"jetpack_social_post_already_shared":true,"jetpack_social_options":{"image_generator_settings":{"template":"highway","default_image_id":0,"font":"","enabled":false},"version":2}},"categories":[2,33],"tags":[],"class_list":["post-70755","post","type-post","status-publish","format-standard","has-post-thumbnail","hentry","category-alte-brown","category-alte-brown-alte-brown"],"jetpack_publicize_connections":[],"jetpack_featured_media_url":"https:\/\/laurbedigital.com.ar\/noticias\/wp-content\/uploads\/2022\/02\/20220217-Mariano-Cascallares.jpg","_links":{"self":[{"href":"https:\/\/laurbedigital.com.ar\/noticias\/wp-json\/wp\/v2\/posts\/70755","targetHints":{"allow":["GET"]}}],"collection":[{"href":"https:\/\/laurbedigital.com.ar\/noticias\/wp-json\/wp\/v2\/posts"}],"about":[{"href":"https:\/\/laurbedigital.com.ar\/noticias\/wp-json\/wp\/v2\/types\/post"}],"author":[{"embeddable":true,"href":"https:\/\/laurbedigital.com.ar\/noticias\/wp-json\/wp\/v2\/users\/1"}],"replies":[{"embeddable":true,"href":"https:\/\/laurbedigital.com.ar\/noticias\/wp-json\/wp\/v2\/comments?post=70755"}],"version-history":[{"count":3,"href":"https:\/\/laurbedigital.com.ar\/noticias\/wp-json\/wp\/v2\/posts\/70755\/revisions"}],"predecessor-version":[{"id":70773,"href":"https:\/\/laurbedigital.com.ar\/noticias\/wp-json\/wp\/v2\/posts\/70755\/revisions\/70773"}],"wp:featuredmedia":[{"embeddable":true,"href":"https:\/\/laurbedigital.com.ar\/noticias\/wp-json\/wp\/v2\/media\/70756"}],"wp:attachment":[{"href":"https:\/\/laurbedigital.com.ar\/noticias\/wp-json\/wp\/v2\/media?parent=70755"}],"wp:term":[{"taxonomy":"category","embeddable":true,"href":"https:\/\/laurbedigital.com.ar\/noticias\/wp-json\/wp\/v2\/categories?post=70755"},{"taxonomy":"post_tag","embeddable":true,"href":"https:\/\/laurbedigital.com.ar\/noticias\/wp-json\/wp\/v2\/tags?post=70755"}],"curies":[{"name":"wp","href":"https:\/\/api.w.org\/{rel}","templated":true}]}}