{"id":70738,"date":"2022-02-17T12:47:48","date_gmt":"2022-02-17T15:47:48","guid":{"rendered":"https:\/\/laurbedigital.com.ar\/noticias\/?p=70738"},"modified":"2022-02-17T12:47:48","modified_gmt":"2022-02-17T15:47:48","slug":"femicidio-en-san-pedro-comienza-el-juicio-al-acusado-de-asesinar-a-mazazos-a-su-pareja","status":"publish","type":"post","link":"https:\/\/laurbedigital.com.ar\/noticias\/2022\/02\/17\/femicidio-en-san-pedro-comienza-el-juicio-al-acusado-de-asesinar-a-mazazos-a-su-pareja\/","title":{"rendered":"Femicidio en San Pedro: comienza el juicio al acusado de asesinar a mazazos a su pareja"},"content":{"rendered":"<p>&nbsp;<\/p>\n<h5>Roberto Ram\u00f3n Romero est\u00e1 detenido desde mayo de 2020, imputado por haber asesinado a Mar\u00eda Esperanza Fern\u00e1ndez. El hombre tendr\u00e1 que afrontar otro proceso por abusar sexualmente durante 13 a\u00f1os de la hija de su v\u00edctima.<\/h5>\n<p>Este jueves\u00a0<strong>comienza el juicio<\/strong>\u00a0a un hombre acusado de haber asesinado de ocho mazazos en la cabeza a su pareja cuando dorm\u00eda,\u00a0<strong>un femicidio ocurrido en mayo de 2020 en la ciudad bonaerense de San Pedro<\/strong>.\u00a0El imputado tambi\u00e9n fue denunciado por abusar sexualmente durante 13 a\u00f1os de la hija mayor de la v\u00edctima.<\/p>\n<p>Se trata de\u00a0<strong>Roberto Ram\u00f3n Romero, acusado de matar de ocho martillazos a su pareja, Mar\u00eda Esperanza Fern\u00e1ndez (43)<\/strong>, con quien convivi\u00f3 15 a\u00f1os en una casa de la localidad bonaerense de San Pedro.<\/p>\n<p>El juicio oral -que ser\u00e1 presencial- arrancar\u00e1 con una audiencia programada para las 10 por el Tribunal en los Criminal (TOC) 2 de San Nicol\u00e1s, que estar\u00e1 presidido por la jueza Mar\u00eda Elena Baquedano e integrado por sus colegas Alejandro Gabriel L\u00f3pez y Mar\u00eda Bel\u00e9n Ocariz.<\/p>\n<p>La acusaci\u00f3n, en tanto, estar\u00e1 en manos de la fiscal Viviana Ramos, quien\u00a0<strong>imputar\u00e1 a Romero por \u00abhomicidio triplemente agravado por el v\u00ednculo, alevos\u00eda y por mediar violencia de g\u00e9nero\u00bb<\/strong>, delito con una\u00a0<strong>pena \u00fanica de prisi\u00f3n perpetua<\/strong>.<\/p>\n<p>Tambi\u00e9n se inform\u00f3 que\u00a0<strong>Romero tendr\u00e1 que afrontar m\u00e1s adelante otro juicio por la denuncia de una de las hijas de la v\u00edctima por abuso sexual<\/strong>.<\/p>\n<h4><strong>El femicidio<\/strong><\/h4>\n<p>El femicidio de Fern\u00e1ndez fue descubierto por una de sus hijas, de 18 a\u00f1os, la ma\u00f1ana del domingo 3 de mayo del 2020 en la casa situada en la calle San Lorenzo al 3000 de San Pedro, donde la v\u00edctima y Romero conviv\u00edan desde hac\u00eda 15 a\u00f1os.<\/p>\n<p>La joven tuvo que ingresar a la vivienda por una ventana y hall\u00f3 el cad\u00e1ver de su madre con la cara tapada con almohadas, envuelto en una frazada.<\/p>\n<p>La v\u00edctima presentaba visibles golpes en la cabeza aplicados con un elemento contundente compatible con una maza de alba\u00f1il ensangrentada que fue hallada en la escena.<\/p>\n<p>La autopsia determin\u00f3 que la v\u00edctima fue asesinada mientras dorm\u00eda y presentaba ocho golpes en el cr\u00e1neo, con politraumatismos y hemorragia interna, como causa de la muerte.<\/p>\n<p>El principal sospechoso, Romero, hab\u00eda escapado y cerca del cuerpo se encontraron dos notas aparentemente escrita por \u00e9l, que daba cuenta de un supuesto v\u00ednculo que manten\u00eda con la mayor de las hijas de su pareja, entonces de 23 a\u00f1os.<\/p>\n<p>Inicialmente los pesquisas pensaron que esa joven pod\u00eda estar vinculada al ataque de su madre, ya que adem\u00e1s el acusado envi\u00f3 un audio a familiares en el que le atribu\u00eda el crimen y adem\u00e1s aseguraba tener una relaci\u00f3n sentimental consentida con ella, pero esa circunstancia qued\u00f3 descartada cuando se profundizaron algunas l\u00edneas de investigaci\u00f3n.<\/p>\n<p>Durante la b\u00fasqueda de Romero, se rastrillaron distintas zonas de San Pedro con perros adiestrados en detectar rastros odor\u00edferos para localizar al pr\u00f3fugo y a pedido de la Justicia, el Ministerio de Seguridad bonaerense difundi\u00f3 fotograf\u00edas del acusado y pidi\u00f3 colaboraci\u00f3n de la ciudadan\u00eda para encontrarlo.<\/p>\n<p>Romero fue detenido por la Polic\u00eda seis d\u00edas despu\u00e9s del femicidio, en la casa de un t\u00edo suyo quien lo delat\u00f3 y llam\u00f3 al 911 cuando su sobrino se present\u00f3 en el lugar luego de haber permanecido escondido en una zona de matorrales durante los d\u00edas que los buscaron por el femicidio de su pareja.<\/p>\n<p>Mientras el acusado estuvo pr\u00f3fugo, la hija mayor de la v\u00edctima \u2013una joven de 23 a\u00f1os que no viv\u00eda con ella-, lo denunci\u00f3 por abuso sexual, por lo que se inici\u00f3 una causa penal paralela que tambi\u00e9n deber\u00e1 afrontar en otro juicio oral.<\/p>\n<p>A partir de esa denuncia, la investigaci\u00f3n por el femicidio se orient\u00f3 hacia una venganza cometida por el atacante contra la hija mayor de su pareja, de quien se sospecha que abusaba sexualmente desde que era una ni\u00f1a de 10 a\u00f1os y que esa situaci\u00f3n continu\u00f3 durante 13 a\u00f1os hasta el momento del femicidio como un hecho conocido por la familia y nunca denunciado por nadie.<\/p>\n<p>La fiscal\u00eda cree que el detonante del femicidio fue una reuni\u00f3n familiar que estaba prevista para desarrollarse en esos d\u00edas, en la que se iba a definir la denuncia que la joven iba a hacer contra Romero. t\u00e9lam<\/p>\n","protected":false},"excerpt":{"rendered":"<p>&nbsp; Roberto Ram\u00f3n Romero est\u00e1 detenido desde mayo de 2020, imputado por haber asesinado a Mar\u00eda Esperanza Fern\u00e1ndez. El hombre<\/p>\n","protected":false},"author":1,"featured_media":70739,"comment_status":"closed","ping_status":"closed","sticky":false,"template":"","format":"standard","meta":{"kia_subtitle":"","footnotes":"","jetpack_publicize_message":"","jetpack_publicize_feature_enabled":true,"jetpack_social_post_already_shared":true,"jetpack_social_options":{"image_generator_settings":{"template":"highway","default_image_id":0,"font":"","enabled":false},"version":2}},"categories":[8],"tags":[],"class_list":["post-70738","post","type-post","status-publish","format-standard","has-post-thumbnail","hentry","category-policiales"],"jetpack_publicize_connections":[],"jetpack_featured_media_url":"https:\/\/laurbedigital.com.ar\/noticias\/wp-content\/uploads\/2022\/02\/20220217-Femicidio.jpg","_links":{"self":[{"href":"https:\/\/laurbedigital.com.ar\/noticias\/wp-json\/wp\/v2\/posts\/70738","targetHints":{"allow":["GET"]}}],"collection":[{"href":"https:\/\/laurbedigital.com.ar\/noticias\/wp-json\/wp\/v2\/posts"}],"about":[{"href":"https:\/\/laurbedigital.com.ar\/noticias\/wp-json\/wp\/v2\/types\/post"}],"author":[{"embeddable":true,"href":"https:\/\/laurbedigital.com.ar\/noticias\/wp-json\/wp\/v2\/users\/1"}],"replies":[{"embeddable":true,"href":"https:\/\/laurbedigital.com.ar\/noticias\/wp-json\/wp\/v2\/comments?post=70738"}],"version-history":[{"count":2,"href":"https:\/\/laurbedigital.com.ar\/noticias\/wp-json\/wp\/v2\/posts\/70738\/revisions"}],"predecessor-version":[{"id":70741,"href":"https:\/\/laurbedigital.com.ar\/noticias\/wp-json\/wp\/v2\/posts\/70738\/revisions\/70741"}],"wp:featuredmedia":[{"embeddable":true,"href":"https:\/\/laurbedigital.com.ar\/noticias\/wp-json\/wp\/v2\/media\/70739"}],"wp:attachment":[{"href":"https:\/\/laurbedigital.com.ar\/noticias\/wp-json\/wp\/v2\/media?parent=70738"}],"wp:term":[{"taxonomy":"category","embeddable":true,"href":"https:\/\/laurbedigital.com.ar\/noticias\/wp-json\/wp\/v2\/categories?post=70738"},{"taxonomy":"post_tag","embeddable":true,"href":"https:\/\/laurbedigital.com.ar\/noticias\/wp-json\/wp\/v2\/tags?post=70738"}],"curies":[{"name":"wp","href":"https:\/\/api.w.org\/{rel}","templated":true}]}}