{"id":70670,"date":"2022-02-16T12:59:49","date_gmt":"2022-02-16T15:59:49","guid":{"rendered":"https:\/\/laurbedigital.com.ar\/noticias\/?p=70670"},"modified":"2022-02-16T12:59:49","modified_gmt":"2022-02-16T15:59:49","slug":"el-ministro-jorge-ferraresi-entrego-viviendas-en-ciudad-autonoma-de-buenos-aires","status":"publish","type":"post","link":"https:\/\/laurbedigital.com.ar\/noticias\/2022\/02\/16\/el-ministro-jorge-ferraresi-entrego-viviendas-en-ciudad-autonoma-de-buenos-aires\/","title":{"rendered":"El ministro Jorge Ferraresi entreg\u00f3 viviendas en Ciudad Aut\u00f3noma de Buenos Aires"},"content":{"rendered":"<p>&nbsp;<\/p>\n<h5>Un cupo de estos hogares, pertenecen a los convenios de cogesti\u00f3n con Sindicatos en el Desarrollo Urban\u00edstico Estaci\u00f3n Buenos Aires.<\/h5>\n<p>El ministro de Desarrollo Territorial y H\u00e1bitat de la Naci\u00f3n,\u00a0<strong>Jorge Ferraresi<\/strong>, entreg\u00f3 las llaves de sus flamantes viviendas a los beneficiarios de su primer hogar en el Desarrollo Urban\u00edstico Estaci\u00f3n Buenos Aires, ubicado en el barrio porte\u00f1o de Parque Patricios, que se construyeron en la Ciudad de Buenos Aires a trav\u00e9s de Procrear II. De la actividad tambi\u00e9n participaron los secretarios de H\u00e1bitat,\u00a0<strong>Santiago Maggiotti<\/strong>, de Desarrollo Territorial,\u00a0<strong>Luciano Scatolini<\/strong>\u00a0y el secretario general de la CTA,\u00a0<strong>Hugo Yasky<\/strong>.<\/p>\n<p><strong>\u201cEl trabajo con los sindicatos es clave porque empezamos a generar suelo para las viviendas. Nosotros planteamos que hay que tener un abordaje territorial que depende de los gobiernos locales y no todos los municipios y provincias construyen viviendas que solucionan los problemas de urbanizaci\u00f3n\u201d,<\/strong> expres\u00f3 el ministro de Desarrollo Territorial y H\u00e1bitat.<\/p>\n<p>En este caso, adem\u00e1s de los adjudicados generales que accedieron por sorteo, se suman, gracias al convenio marco firmado oportunamente con el Ministerio, trabajadores y trabajadoras de los sindicatos de la Confederaci\u00f3n General del Trabajo (CGT), Uni\u00f3n Obrera de la Construcci\u00f3n (UOCRA), de Empleados Judiciales de la Naci\u00f3n (UEJN), del Sindicato del Seguro (SSRA), de la Uni\u00f3n de Trabajadores de Entidades Deportivas y Civiles (UTEDYC).<\/p>\n<p>Tambi\u00e9n recibieron viviendas los trabajadores de los sindicatos de obreros de estaciones de servicio, garajes y lavaderos (SOESGyPE), del Sindicato de los trabajadores y trabajadoras de la Administraci\u00f3n Nacional de la Seguridad Social (SECASFPI), de Central de Trabajadores de la Argentina (CTA) y de la Asociaci\u00f3n Trabajadores del Estado (ATE).<\/p>\n<p>Estos convenios tienen como objetivo facilitar el acceso al h\u00e1bitat a m\u00e1s trabajadoras y trabajadores agremiados. Estaci\u00f3n Buenos Aires es el complejo habitacional m\u00e1s grande edificado por el Estado Nacional a trav\u00e9s de Procrear II, con un total de 2476 departamentos y cuenta con una completa infraestructura de servicios y amplios espacios verdes.<\/p>\n<p>&nbsp;<\/p>\n<p>&nbsp;<\/p>\n","protected":false},"excerpt":{"rendered":"<p>&nbsp; Un cupo de estos hogares, pertenecen a los convenios de cogesti\u00f3n con Sindicatos en el Desarrollo Urban\u00edstico Estaci\u00f3n Buenos<\/p>\n","protected":false},"author":1,"featured_media":70671,"comment_status":"closed","ping_status":"closed","sticky":false,"template":"","format":"standard","meta":{"kia_subtitle":"","footnotes":"","jetpack_publicize_message":"","jetpack_publicize_feature_enabled":true,"jetpack_social_post_already_shared":true,"jetpack_social_options":{"image_generator_settings":{"template":"highway","default_image_id":0,"font":"","enabled":false},"version":2}},"categories":[13,2544],"tags":[],"class_list":["post-70670","post","type-post","status-publish","format-standard","has-post-thumbnail","hentry","category-region","category-ciudad-de-buenos-aires"],"jetpack_publicize_connections":[],"jetpack_featured_media_url":"https:\/\/laurbedigital.com.ar\/noticias\/wp-content\/uploads\/2022\/02\/20220216-Ferraresi.jpg","_links":{"self":[{"href":"https:\/\/laurbedigital.com.ar\/noticias\/wp-json\/wp\/v2\/posts\/70670","targetHints":{"allow":["GET"]}}],"collection":[{"href":"https:\/\/laurbedigital.com.ar\/noticias\/wp-json\/wp\/v2\/posts"}],"about":[{"href":"https:\/\/laurbedigital.com.ar\/noticias\/wp-json\/wp\/v2\/types\/post"}],"author":[{"embeddable":true,"href":"https:\/\/laurbedigital.com.ar\/noticias\/wp-json\/wp\/v2\/users\/1"}],"replies":[{"embeddable":true,"href":"https:\/\/laurbedigital.com.ar\/noticias\/wp-json\/wp\/v2\/comments?post=70670"}],"version-history":[{"count":2,"href":"https:\/\/laurbedigital.com.ar\/noticias\/wp-json\/wp\/v2\/posts\/70670\/revisions"}],"predecessor-version":[{"id":70673,"href":"https:\/\/laurbedigital.com.ar\/noticias\/wp-json\/wp\/v2\/posts\/70670\/revisions\/70673"}],"wp:featuredmedia":[{"embeddable":true,"href":"https:\/\/laurbedigital.com.ar\/noticias\/wp-json\/wp\/v2\/media\/70671"}],"wp:attachment":[{"href":"https:\/\/laurbedigital.com.ar\/noticias\/wp-json\/wp\/v2\/media?parent=70670"}],"wp:term":[{"taxonomy":"category","embeddable":true,"href":"https:\/\/laurbedigital.com.ar\/noticias\/wp-json\/wp\/v2\/categories?post=70670"},{"taxonomy":"post_tag","embeddable":true,"href":"https:\/\/laurbedigital.com.ar\/noticias\/wp-json\/wp\/v2\/tags?post=70670"}],"curies":[{"name":"wp","href":"https:\/\/api.w.org\/{rel}","templated":true}]}}