{"id":70594,"date":"2022-02-15T11:10:45","date_gmt":"2022-02-15T14:10:45","guid":{"rendered":"https:\/\/laurbedigital.com.ar\/noticias\/?p=70594"},"modified":"2022-02-15T11:20:12","modified_gmt":"2022-02-15T14:20:12","slug":"suspenden-por-seis-meses-mas-la-resolucion-de-vidal-sobre-aplicacion-de-agroquimicos","status":"publish","type":"post","link":"https:\/\/laurbedigital.com.ar\/noticias\/2022\/02\/15\/suspenden-por-seis-meses-mas-la-resolucion-de-vidal-sobre-aplicacion-de-agroquimicos\/","title":{"rendered":"Suspenden por seis meses m\u00e1s la resoluci\u00f3n de Vidal sobre aplicaci\u00f3n de agroqu\u00edmicos"},"content":{"rendered":"<p>&nbsp;<\/p>\n<h5>La administraci\u00f3n de Axel Kicillof decidi\u00f3 prorrogar la suspensi\u00f3n para seguir trabajando en la regulaci\u00f3n de las fumigaciones. La medida de la gesti\u00f3n anterior fue dictada en 2018 y gener\u00f3 fuertes cr\u00edticas de organizaciones ambientalistas.<\/h5>\n<p>El Gobierno bonaerense decidi\u00f3 suspender por seis meses m\u00e1s la resoluci\u00f3n 246\/18 sobre pautas de aplicaci\u00f3n de agroqu\u00edmicos, una medida que hab\u00eda sido sancionada por la administraci\u00f3n de Mar\u00eda Eugenia Vidal y luego dejada sin efecto por esa misma gesti\u00f3n ante el descontento de organizaciones ambientalistas.<\/p>\n<p>La pr\u00f3rroga de la suspensi\u00f3n se fij\u00f3 hoy en el Bolet\u00edn Oficial a trav\u00e9s de la resoluci\u00f3n 31\/22 del Ministerio de Desarrollo Agrario y se da en el marco de los trabajos que viene realizando Provincia a trav\u00e9s del Observatorio T\u00e9cnico de Agroqu\u00edmicos (OTA), un ente creado en 2020 para evaluar las pol\u00edticas vinculadas a la aplicaci\u00f3n de agroqu\u00edmicos.<\/p>\n<p>La 246 fue dictada a fines de 2018 por la entonces cartera de Agroindustria vidalista. La normativa (m\u00e1s permisiva que muchas ordenanzas municipales) cosech\u00f3 r\u00e1pidamente fuertes cr\u00edticas de organizaciones ambientalistas porque no establec\u00eda distancias de prohibici\u00f3n para fumigar y limitaba las aplicaciones en las inmediaciones de escuelas s\u00f3lo en horario escolar.<\/p>\n<p>Luego del rechazo, el mismo gobierno de Vidal decidi\u00f3 suspenderla en febrero de 2019 (cuando iba a entrar en vigencia) por un a\u00f1o y crear un equipo interdisciplinario para elaborar un protocolo. Adem\u00e1s modific\u00f3 el punto vinculado a las escuelas y llam\u00f3 a los productores a \u201cabstenerse en forma total de realizar aplicaciones y pulverizaciones de fitosanitarios\u201d en las inmediaciones de estos establecimientos.<\/p>\n<p>Tras el cambio de gesti\u00f3n, el gobierno de Axel Kicillof prorrog\u00f3 la suspensi\u00f3n en 2020 y cre\u00f3 una mesa de trabajo entre el Ministerio de Desarrollo Agrario, el Ministerio de Salud, el Organismo Provincial para el Desarrollo Sostenible (hoy Ministerio de Ambiente) y a la Autoridad del Agua (ADA), y conform\u00f3 el OTA.<\/p>\n<p>En el marco del trabajo interdisciplinario, la 246 volvi\u00f3 a suspenderse otras dos veces: por un a\u00f1o m\u00e1s en febrero de 2021 y ahora por seis meses m\u00e1s. O sea, desde su publicaci\u00f3n, acumula tres a\u00f1os y medio de suspensi\u00f3n.<\/p>\n<p>Seg\u00fan se se\u00f1al\u00f3 hoy en el Bolet\u00edn Oficial, esta \u00faltima pr\u00f3rroga se da <strong>\u201ca los efectos de culminar las mesas de trabajo regionales, locales e instancias representativas de las zonas productivas agropecuarias de la provincia de Buenos Aires\u201d.<\/strong><\/p>\n<p>Hasta ahora el OTA cuenta con 544 documentos cient\u00edficos-t\u00e9cnicos aportados por distintas instituciones (unas 20 universidades y cinco centros de investigaci\u00f3n), de los cuales ya se publicaron conclusiones. En los escritos se tocan temas de modalidad y aplicaci\u00f3n de agroqu\u00edmicos, impacto en el ambiente, salud y toxicolog\u00eda, diversificaci\u00f3n productiva y aspectos sociales. dib<\/p>\n<p>&nbsp;<\/p>\n<p>&nbsp;<\/p>\n","protected":false},"excerpt":{"rendered":"<p>&nbsp; La administraci\u00f3n de Axel Kicillof decidi\u00f3 prorrogar la suspensi\u00f3n para seguir trabajando en la regulaci\u00f3n de las fumigaciones. La<\/p>\n","protected":false},"author":1,"featured_media":70595,"comment_status":"closed","ping_status":"closed","sticky":false,"template":"","format":"standard","meta":{"kia_subtitle":"","footnotes":"","jetpack_publicize_message":"","jetpack_publicize_feature_enabled":true,"jetpack_social_post_already_shared":true,"jetpack_social_options":{"image_generator_settings":{"template":"highway","default_image_id":0,"font":"","enabled":false},"version":2}},"categories":[56,3],"tags":[],"class_list":["post-70594","post","type-post","status-publish","format-standard","has-post-thumbnail","hentry","category-buenos-aires","category-actualidad"],"jetpack_publicize_connections":[],"jetpack_featured_media_url":"https:\/\/laurbedigital.com.ar\/noticias\/wp-content\/uploads\/2022\/02\/20220215-Fumigacion.jpg","_links":{"self":[{"href":"https:\/\/laurbedigital.com.ar\/noticias\/wp-json\/wp\/v2\/posts\/70594","targetHints":{"allow":["GET"]}}],"collection":[{"href":"https:\/\/laurbedigital.com.ar\/noticias\/wp-json\/wp\/v2\/posts"}],"about":[{"href":"https:\/\/laurbedigital.com.ar\/noticias\/wp-json\/wp\/v2\/types\/post"}],"author":[{"embeddable":true,"href":"https:\/\/laurbedigital.com.ar\/noticias\/wp-json\/wp\/v2\/users\/1"}],"replies":[{"embeddable":true,"href":"https:\/\/laurbedigital.com.ar\/noticias\/wp-json\/wp\/v2\/comments?post=70594"}],"version-history":[{"count":3,"href":"https:\/\/laurbedigital.com.ar\/noticias\/wp-json\/wp\/v2\/posts\/70594\/revisions"}],"predecessor-version":[{"id":70598,"href":"https:\/\/laurbedigital.com.ar\/noticias\/wp-json\/wp\/v2\/posts\/70594\/revisions\/70598"}],"wp:featuredmedia":[{"embeddable":true,"href":"https:\/\/laurbedigital.com.ar\/noticias\/wp-json\/wp\/v2\/media\/70595"}],"wp:attachment":[{"href":"https:\/\/laurbedigital.com.ar\/noticias\/wp-json\/wp\/v2\/media?parent=70594"}],"wp:term":[{"taxonomy":"category","embeddable":true,"href":"https:\/\/laurbedigital.com.ar\/noticias\/wp-json\/wp\/v2\/categories?post=70594"},{"taxonomy":"post_tag","embeddable":true,"href":"https:\/\/laurbedigital.com.ar\/noticias\/wp-json\/wp\/v2\/tags?post=70594"}],"curies":[{"name":"wp","href":"https:\/\/api.w.org\/{rel}","templated":true}]}}