{"id":70590,"date":"2022-02-15T10:52:28","date_gmt":"2022-02-15T13:52:28","guid":{"rendered":"https:\/\/laurbedigital.com.ar\/noticias\/?p=70590"},"modified":"2022-02-15T10:52:28","modified_gmt":"2022-02-15T13:52:28","slug":"15-de-febrero-es-el-dia-internacional-de-la-lucha-contra-el-cancer-infantil","status":"publish","type":"post","link":"https:\/\/laurbedigital.com.ar\/noticias\/2022\/02\/15\/15-de-febrero-es-el-dia-internacional-de-la-lucha-contra-el-cancer-infantil\/","title":{"rendered":"15 de Febrero: es el D\u00eda Internacional de la Lucha contra el C\u00e1ncer Infantil"},"content":{"rendered":"<p>&nbsp;<\/p>\n<h5>El 15 de febrero se conmemora el\u00a0<strong>D\u00eda Internacional del Ni\u00f1o con C\u00e1ncer<\/strong>, una fecha proclamada en\u00a0<strong>Luxemburgo<\/strong>, gracias a la\u00a0<strong>Organizaci\u00f3n Internacional de C\u00e1ncer Infantil<\/strong>, con la finalidad de crear conciencia y sensibilizar a las personas sobre una enfermedad que lamentablemente afecta a muchos ni\u00f1os y j\u00f3venes.<\/h5>\n<p>As\u00ed mismo, para ayudar a sus familias a que sus hijos tengan un diagn\u00f3stico oportuno y el debido tratamiento y esto, a su vez, les brinde el derecho a la vida.<\/p>\n<h4 id=\"resTit_2\"><strong>\u00bfQu\u00e9 es el C\u00e1ncer Infantil?<\/strong><\/h4>\n<p>El c\u00e1ncer infantil, es una patolog\u00eda que ataca a los ni\u00f1os en edades muy tempranas y el cual consiste en un crecimiento anormal de c\u00e9lulas malignas que se diseminan en el interior del cuerpo. Hasta ahora, no hay manera de saber qu\u00e9 lo provoca.<\/p>\n<h4 id=\"resTit_3\"><strong>El c\u00e1ncer, un mal latente entre la poblaci\u00f3n infantil<\/strong><\/h4>\n<p>Actualmente, el c\u00e1ncer se ha transformado en una epidemia que afecta a un alto porcentaje de ni\u00f1as y ni\u00f1os en distintos lugres del planeta. Es una triste y lamentable realidad, que muchas veces pasa desapercibida, pero m\u00e1s com\u00fan y cotidiana de lo que mucha gente se puede llegar a imaginar.<\/p>\n<p>Son miles los casos reportados de ni\u00f1os y j\u00f3venes afectados por este padecimiento, siendo\u00a0<strong>la primera causa de muerte infantil hasta ahora conocida<\/strong>.<\/p>\n<h4 id=\"resTit_4\"><strong>Tipos de c\u00e1ncer m\u00e1s frecuentes en los ni\u00f1os y j\u00f3venes<\/strong><\/h4>\n<p>La mayor\u00eda de ni\u00f1os y j\u00f3venes que padecen esta condici\u00f3n, sufren un tipo de c\u00e1ncer conocido como\u00a0<strong>leucemia<\/strong>, seguido por\u00a0<strong>afecciones en el sistema nervioso central<\/strong>, donde se presentan tumoraciones y otro bastante frecuente, son los llamados\u00a0<strong>linfomas<\/strong>, que atacan los ganglios linf\u00e1ticos.<\/p>\n<p>Afortunadamente y gracias a los avances de la ciencia, muchos de estos ni\u00f1os, que son diagnosticados a tiempo, logran sobrevivir, lo que representa una noticia esperanzadora ante una realidad muy dura de enfrentar.<\/p>\n<p>&nbsp;<\/p>\n","protected":false},"excerpt":{"rendered":"<p>&nbsp; El 15 de febrero se conmemora el\u00a0D\u00eda Internacional del Ni\u00f1o con C\u00e1ncer, una fecha proclamada en\u00a0Luxemburgo, gracias a la\u00a0Organizaci\u00f3n<\/p>\n","protected":false},"author":1,"featured_media":70591,"comment_status":"closed","ping_status":"closed","sticky":false,"template":"","format":"standard","meta":{"kia_subtitle":"","footnotes":"","jetpack_publicize_message":"","jetpack_publicize_feature_enabled":true,"jetpack_social_post_already_shared":true,"jetpack_social_options":{"image_generator_settings":{"template":"highway","default_image_id":0,"font":"","enabled":false},"version":2}},"categories":[5,2594],"tags":[],"class_list":["post-70590","post","type-post","status-publish","format-standard","has-post-thumbnail","hentry","category-cultura","category-efemerides"],"jetpack_publicize_connections":[],"jetpack_featured_media_url":"https:\/\/laurbedigital.com.ar\/noticias\/wp-content\/uploads\/2022\/02\/20220215-Dia-internacional-cancer-infantil.jpg","_links":{"self":[{"href":"https:\/\/laurbedigital.com.ar\/noticias\/wp-json\/wp\/v2\/posts\/70590","targetHints":{"allow":["GET"]}}],"collection":[{"href":"https:\/\/laurbedigital.com.ar\/noticias\/wp-json\/wp\/v2\/posts"}],"about":[{"href":"https:\/\/laurbedigital.com.ar\/noticias\/wp-json\/wp\/v2\/types\/post"}],"author":[{"embeddable":true,"href":"https:\/\/laurbedigital.com.ar\/noticias\/wp-json\/wp\/v2\/users\/1"}],"replies":[{"embeddable":true,"href":"https:\/\/laurbedigital.com.ar\/noticias\/wp-json\/wp\/v2\/comments?post=70590"}],"version-history":[{"count":2,"href":"https:\/\/laurbedigital.com.ar\/noticias\/wp-json\/wp\/v2\/posts\/70590\/revisions"}],"predecessor-version":[{"id":70593,"href":"https:\/\/laurbedigital.com.ar\/noticias\/wp-json\/wp\/v2\/posts\/70590\/revisions\/70593"}],"wp:featuredmedia":[{"embeddable":true,"href":"https:\/\/laurbedigital.com.ar\/noticias\/wp-json\/wp\/v2\/media\/70591"}],"wp:attachment":[{"href":"https:\/\/laurbedigital.com.ar\/noticias\/wp-json\/wp\/v2\/media?parent=70590"}],"wp:term":[{"taxonomy":"category","embeddable":true,"href":"https:\/\/laurbedigital.com.ar\/noticias\/wp-json\/wp\/v2\/categories?post=70590"},{"taxonomy":"post_tag","embeddable":true,"href":"https:\/\/laurbedigital.com.ar\/noticias\/wp-json\/wp\/v2\/tags?post=70590"}],"curies":[{"name":"wp","href":"https:\/\/api.w.org\/{rel}","templated":true}]}}