{"id":70154,"date":"2022-02-07T13:14:49","date_gmt":"2022-02-07T16:14:49","guid":{"rendered":"https:\/\/laurbedigital.com.ar\/noticias\/?p=70154"},"modified":"2022-02-07T13:14:49","modified_gmt":"2022-02-07T16:14:49","slug":"el-municipio-de-alte-brown-convoca-a-artistas-independientes","status":"publish","type":"post","link":"https:\/\/laurbedigital.com.ar\/noticias\/2022\/02\/07\/el-municipio-de-alte-brown-convoca-a-artistas-independientes\/","title":{"rendered":"El Municipio de Alte Brown convoca a artistas independientes"},"content":{"rendered":"<p>&nbsp;<\/p>\n<h5>El Municipio de Almirante Brown abri\u00f3 hasta el 15 de febrero la convocatoria de artistas independientes pertenecientes a las expresiones de carnaval y grupos musicales de cumbia, para que participen en los pr\u00f3ximos shows y actividades.<\/h5>\n<p>Desde el Instituto Municipal de las Culturas indicaron que la iniciativa se enmarca en el programa \u201cRE-Activarte\u201d, al tiempo que precisaron que los artistas convocados tendr\u00e1n un incentivo econ\u00f3mico.<\/p>\n<p>La convocatoria est\u00e1 destinada a toda y todo artista o productor\/a que est\u00e9 residiendo legalmente en Almirante Brown, est\u00e9n registrados en el RUAAB (Registro \u00danico de Artistas de Almirante Brown) y cumplimenten con la mayor\u00eda de edad, sin relaci\u00f3n contractual vigente con el Instituto Municipal de las Culturas.<\/p>\n<p><img loading=\"lazy\" decoding=\"async\" class=\"alignnone  wp-image-70155\" src=\"https:\/\/laurbedigital.com.ar\/noticias\/wp-content\/uploads\/2022\/02\/20220207-Brown-Cultura.jpg\" alt=\"\" width=\"700\" height=\"390\" title=\"\" srcset=\"https:\/\/laurbedigital.com.ar\/noticias\/wp-content\/uploads\/2022\/02\/20220207-Brown-Cultura.jpg 768w, https:\/\/laurbedigital.com.ar\/noticias\/wp-content\/uploads\/2022\/02\/20220207-Brown-Cultura-300x167.jpg 300w\" sizes=\"auto, (max-width: 700px) 100vw, 700px\" \/><\/p>\n<p>Las y los interesados en inscribirse deber\u00e1n ingresar al siguiente link\u00a0<a href=\"https:\/\/forms.gle\/eEk27pUbFNhKxnZx8\" data-saferedirecturl=\"https:\/\/www.google.com\/url?q=https:\/\/forms.gle\/eEk27pUbFNhKxnZx8&amp;source=gmail&amp;ust=1644336349532000&amp;usg=AOvVaw2M76lL6BM8J_hH6kjsSxYG\" target=\"_blank\" rel=\"noopener\">https:\/\/forms.gle\/eEk27pUbFNhKxnZx8<\/a>\u00a0y seguir las indicaciones correspondientes para completar el formulario.<\/p>\n<p>&nbsp;<\/p>\n<p>&nbsp;<\/p>\n","protected":false},"excerpt":{"rendered":"<p>&nbsp; El Municipio de Almirante Brown abri\u00f3 hasta el 15 de febrero la convocatoria de artistas independientes pertenecientes a las<\/p>\n","protected":false},"author":1,"featured_media":70156,"comment_status":"closed","ping_status":"closed","sticky":false,"template":"","format":"standard","meta":{"kia_subtitle":"","footnotes":"","jetpack_publicize_message":"","jetpack_publicize_feature_enabled":true,"jetpack_social_post_already_shared":true,"jetpack_social_options":{"image_generator_settings":{"template":"highway","default_image_id":0,"font":"","enabled":false},"version":2}},"categories":[2,33],"tags":[],"class_list":["post-70154","post","type-post","status-publish","format-standard","has-post-thumbnail","hentry","category-alte-brown","category-alte-brown-alte-brown"],"jetpack_publicize_connections":[],"jetpack_featured_media_url":"https:\/\/laurbedigital.com.ar\/noticias\/wp-content\/uploads\/2022\/02\/20220207-Brown-Cultura1.jpg","_links":{"self":[{"href":"https:\/\/laurbedigital.com.ar\/noticias\/wp-json\/wp\/v2\/posts\/70154","targetHints":{"allow":["GET"]}}],"collection":[{"href":"https:\/\/laurbedigital.com.ar\/noticias\/wp-json\/wp\/v2\/posts"}],"about":[{"href":"https:\/\/laurbedigital.com.ar\/noticias\/wp-json\/wp\/v2\/types\/post"}],"author":[{"embeddable":true,"href":"https:\/\/laurbedigital.com.ar\/noticias\/wp-json\/wp\/v2\/users\/1"}],"replies":[{"embeddable":true,"href":"https:\/\/laurbedigital.com.ar\/noticias\/wp-json\/wp\/v2\/comments?post=70154"}],"version-history":[{"count":2,"href":"https:\/\/laurbedigital.com.ar\/noticias\/wp-json\/wp\/v2\/posts\/70154\/revisions"}],"predecessor-version":[{"id":70158,"href":"https:\/\/laurbedigital.com.ar\/noticias\/wp-json\/wp\/v2\/posts\/70154\/revisions\/70158"}],"wp:featuredmedia":[{"embeddable":true,"href":"https:\/\/laurbedigital.com.ar\/noticias\/wp-json\/wp\/v2\/media\/70156"}],"wp:attachment":[{"href":"https:\/\/laurbedigital.com.ar\/noticias\/wp-json\/wp\/v2\/media?parent=70154"}],"wp:term":[{"taxonomy":"category","embeddable":true,"href":"https:\/\/laurbedigital.com.ar\/noticias\/wp-json\/wp\/v2\/categories?post=70154"},{"taxonomy":"post_tag","embeddable":true,"href":"https:\/\/laurbedigital.com.ar\/noticias\/wp-json\/wp\/v2\/tags?post=70154"}],"curies":[{"name":"wp","href":"https:\/\/api.w.org\/{rel}","templated":true}]}}