{"id":69657,"date":"2022-01-28T15:52:39","date_gmt":"2022-01-28T18:52:39","guid":{"rendered":"https:\/\/laurbedigital.com.ar\/noticias\/?p=69657"},"modified":"2022-01-28T15:53:19","modified_gmt":"2022-01-28T18:53:19","slug":"69657","status":"publish","type":"post","link":"https:\/\/laurbedigital.com.ar\/noticias\/2022\/01\/28\/69657\/","title":{"rendered":"Fabiani recorri\u00f3 escuelas de Longchamps donde se lleva adelante el programa Verano +ATR"},"content":{"rendered":"<h5 dir=\"ltr\"><\/h5>\n<h5 dir=\"ltr\">El intendente interino de Almirante Brown, Juan Fabiani, visit\u00f3 la Escuela Primaria N\u00b033 y la Escuela Secundaria N\u00b080, ambas del barrio Rayo de Sol en Longchamps, donde se lleva adelante el programa<strong> \u201cVerano +ATR\u201d.<\/strong><\/h5>\n<p dir=\"ltr\">La jornada comenz\u00f3 en el establecimiento primario ubicado en Los Studs N\u00b03339, el cual es una de las 75 sedes del programa que participan un total de 10.200 alumnos y alumnas del distrito, realizando actividades recreativas y pedag\u00f3gicas.<\/p>\n<p>All\u00ed, Fabiani recorri\u00f3 las instalaciones de la escuela y dialog\u00f3 con docentes y estudiantes, junto con el director provincial de Educaci\u00f3n Secundaria, Gustavo Galli; el director provincial de Educaci\u00f3n Especial, Sebasti\u00e1n Urquiza; el secretario de Educaci\u00f3n, Ciencia y Tecnolog\u00eda, Sergio Pianciola; y la presidenta del Consejo Escolar, Mar\u00eda Marta Silva. Tambi\u00e9n dijo presente la titular del bloque oficialista del Concejo deliberante browniano, Cecilia Cecchini.<\/p>\n<p><img loading=\"lazy\" decoding=\"async\" class=\"alignnone wp-image-69659\" src=\"https:\/\/laurbedigital.com.ar\/noticias\/wp-content\/uploads\/2022\/01\/20220128-Brown-Escuela-Fabiani1.jpg\" alt=\"\" width=\"700\" height=\"390\" title=\"\" srcset=\"https:\/\/laurbedigital.com.ar\/noticias\/wp-content\/uploads\/2022\/01\/20220128-Brown-Escuela-Fabiani1.jpg 768w, https:\/\/laurbedigital.com.ar\/noticias\/wp-content\/uploads\/2022\/01\/20220128-Brown-Escuela-Fabiani1-300x167.jpg 300w\" sizes=\"auto, (max-width: 700px) 100vw, 700px\" \/><\/p>\n<p>Adem\u00e1s, recorrieron los avances de la construcci\u00f3n de una nueva aula, la cual es muy esperada por toda la comunidad educativa para seguir ampliando la matr\u00edcula de estudiantes en el barrio.<\/p>\n<p><strong>\u201cEs una alegr\u00eda ver a todos los chicos y chicas asistiendo a la escuela, realizando actividades recreativas pero tambi\u00e9n estudiando y poniendo \u00e9nfasis en las materias que m\u00e1s le costaron durante el Ciclo Lectivo. En paralelo, tambi\u00e9n recorrimos la obra de la construcci\u00f3n de un aula en la escuela primaria, que es una de los tantos trabajos de infraestructura que estamos llevando adelante junto a Mariano Cascallares\u201d, apunt\u00f3 Fabiani.<\/strong><\/p>\n<p>Posteriormente se trasladaron a la Escuela Secundaria N\u00b080, ubicada en el mismo predio de la primaria, donde tambi\u00e9n se llevan adelante las actividades de verano. En total son 160 los alumnos y alumnas que asisten de ambas instituciones al programa Verano +ATR.<\/p>\n<p><strong>\u201cEstamos visitando distintas escuelas de la Provincia y en esta oportunidad en Almirante Brown. Muy contentos porque el programa est\u00e1 funcionando realmente muy bien, vemos a los chicos y chicas contentos y eso para nosotros es la principal retribuci\u00f3n\u201d, sostuvo el director provincial de escuelas secundarias Gustavo Galli, durante la visita.<\/strong><\/p>\n<p><img loading=\"lazy\" decoding=\"async\" class=\"alignnone wp-image-69660\" src=\"https:\/\/laurbedigital.com.ar\/noticias\/wp-content\/uploads\/2022\/01\/20220128-Brown-Escuela-Fabiani2.jpg\" alt=\"\" width=\"700\" height=\"391\" title=\"\" srcset=\"https:\/\/laurbedigital.com.ar\/noticias\/wp-content\/uploads\/2022\/01\/20220128-Brown-Escuela-Fabiani2.jpg 768w, https:\/\/laurbedigital.com.ar\/noticias\/wp-content\/uploads\/2022\/01\/20220128-Brown-Escuela-Fabiani2-300x167.jpg 300w\" sizes=\"auto, (max-width: 700px) 100vw, 700px\" \/><\/p>\n<p>El programa se inici\u00f3 el 4 de enero con el objetivo de que los ni\u00f1os, ni\u00f1as y j\u00f3venes disfruten de actividades educativas, deportivas y culturales al aire libre con todas las medidas de cuidado vigentes para los establecimientos educativos para recuperar el v\u00ednculo con la escuela, promover aprendizajes, el cuidado del cuerpo y la recreaci\u00f3n.<\/p>\n<p dir=\"ltr\">\n","protected":false},"excerpt":{"rendered":"<p>El intendente interino de Almirante Brown, Juan Fabiani, visit\u00f3 la Escuela Primaria N\u00b033 y la Escuela Secundaria N\u00b080, ambas del<\/p>\n","protected":false},"author":1,"featured_media":69658,"comment_status":"closed","ping_status":"closed","sticky":false,"template":"","format":"standard","meta":{"kia_subtitle":"","footnotes":"","jetpack_publicize_message":"","jetpack_publicize_feature_enabled":true,"jetpack_social_post_already_shared":true,"jetpack_social_options":{"image_generator_settings":{"template":"highway","default_image_id":0,"font":"","enabled":false},"version":2}},"categories":[2,33,53],"tags":[],"class_list":["post-69657","post","type-post","status-publish","format-standard","has-post-thumbnail","hentry","category-alte-brown","category-alte-brown-alte-brown","category-longchamps"],"jetpack_publicize_connections":[],"jetpack_featured_media_url":"https:\/\/laurbedigital.com.ar\/noticias\/wp-content\/uploads\/2022\/01\/20220128-Brown-Escuela-Fabiani.jpg","_links":{"self":[{"href":"https:\/\/laurbedigital.com.ar\/noticias\/wp-json\/wp\/v2\/posts\/69657","targetHints":{"allow":["GET"]}}],"collection":[{"href":"https:\/\/laurbedigital.com.ar\/noticias\/wp-json\/wp\/v2\/posts"}],"about":[{"href":"https:\/\/laurbedigital.com.ar\/noticias\/wp-json\/wp\/v2\/types\/post"}],"author":[{"embeddable":true,"href":"https:\/\/laurbedigital.com.ar\/noticias\/wp-json\/wp\/v2\/users\/1"}],"replies":[{"embeddable":true,"href":"https:\/\/laurbedigital.com.ar\/noticias\/wp-json\/wp\/v2\/comments?post=69657"}],"version-history":[{"count":4,"href":"https:\/\/laurbedigital.com.ar\/noticias\/wp-json\/wp\/v2\/posts\/69657\/revisions"}],"predecessor-version":[{"id":69664,"href":"https:\/\/laurbedigital.com.ar\/noticias\/wp-json\/wp\/v2\/posts\/69657\/revisions\/69664"}],"wp:featuredmedia":[{"embeddable":true,"href":"https:\/\/laurbedigital.com.ar\/noticias\/wp-json\/wp\/v2\/media\/69658"}],"wp:attachment":[{"href":"https:\/\/laurbedigital.com.ar\/noticias\/wp-json\/wp\/v2\/media?parent=69657"}],"wp:term":[{"taxonomy":"category","embeddable":true,"href":"https:\/\/laurbedigital.com.ar\/noticias\/wp-json\/wp\/v2\/categories?post=69657"},{"taxonomy":"post_tag","embeddable":true,"href":"https:\/\/laurbedigital.com.ar\/noticias\/wp-json\/wp\/v2\/tags?post=69657"}],"curies":[{"name":"wp","href":"https:\/\/api.w.org\/{rel}","templated":true}]}}