{"id":68887,"date":"2022-01-15T15:19:53","date_gmt":"2022-01-15T18:19:53","guid":{"rendered":"https:\/\/laurbedigital.com.ar\/noticias\/?p=68887"},"modified":"2022-01-15T15:19:53","modified_gmt":"2022-01-15T18:19:53","slug":"comercio-interior-puso-en-marcha-precios-cuidados-y-apunta-a-fijar-valores-de-cortes-cuidados","status":"publish","type":"post","link":"https:\/\/laurbedigital.com.ar\/noticias\/2022\/01\/15\/comercio-interior-puso-en-marcha-precios-cuidados-y-apunta-a-fijar-valores-de-cortes-cuidados\/","title":{"rendered":"Comercio Interior puso en marcha +Precios Cuidados y apunta a fijar valores de Cortes Cuidados"},"content":{"rendered":"<p>&nbsp;<\/p>\n<h5 class=\"mb-1\"><span id=\"ContentPlaceHolder1_lbl_Copete\">La Secretar\u00eda de Comercio Interior lanz\u00f3 en la \u00faltima semana el programa +Precios Cuidados con 1.321 productos y apunta en el corto plazo a trabajar en los valores del pan y de los siete cortes parrilleros de carne vacuna no exportables establecidos por el Ministerio de Agricultura, Ganader\u00eda y Pesca.<\/span><\/h5>\n<p><strong>\u00abTenemos una tarea ahora que es la de fijar precios en los cortes cuidados y estamos conversando\u00bb, se\u00f1al\u00f3 el secretario de Comercio Interior, Roberto Feletti, y remarc\u00f3 que \u00abel programa de Navidad y A\u00f1o Nuevo funcion\u00f3 muy bien, se vendieron 7 millones de kilos\u00bb.<\/strong><\/p>\n<p>En declaraciones radiales luego de la presentaci\u00f3n oficial de +Precios Cuidados que encabez\u00f3 el presidente Alberto Fern\u00e1ndez, el secretario dijo que ve \u00abcon preocupaci\u00f3n la carne jugando en el \u00edndice (de inflaci\u00f3n)\u00bb.<\/p>\n<p>En ese sentido, afirm\u00f3 que se avanzar\u00e1 en fijar los precios de los cortes que a principio de mes fueron reservados al mercado interno en el Decreto 911\/21 hasta el 31 de diciembre de 2023 inclusive: asado con o sin hueso, falda, matambre, tapa de asado, nalga, paleta y vac\u00edo.<\/p>\n<p>De acuerdo con el \u00faltimo monitor de precios de la carne publicado en noviembre por el Centro de Econom\u00eda Pol\u00edtica Argentina (CEPA), \u00aben t\u00e9rminos interanuales, las medidas del Gobierno lograron desacelerar las variaciones de los principales cortes, aunque a\u00fan contin\u00faan por encima del nivel general de precios de la econom\u00eda (+52,5% aproximadamente)\u00bb.<\/p>\n<p><strong>\u00abA la cabeza de los aumentos sobresalen cortes de alto consumo popular como el asado (73,1%), vac\u00edo (75,6%) y matambre (69,7%)\u00bb, seg\u00fan CEPA.<\/strong><\/p>\n<p>D\u00edas atr\u00e1s, Feletti dijo que de cara al corto plazo resta \u00abel armado del fideicomiso de trigo, ma\u00edz y ver c\u00f3mo implementamos estos siete cortes (de carne vacuna parrillera) que no se pueden exportar para que se comercialice del modo m\u00e1s masivo posible, como ocurri\u00f3 en las fiestas con los cinco cortes que estaban protegidos\u00bb.<\/p>\n<p>Uno de los objetivos del fideicomiso es regular el precio de la bolsa de harina industrial, de 25 kilos, que se usa para la elaboraci\u00f3n del pan, y as\u00ed bajar la incidencia de este costo en el precio del kilo de pan que se vende al p\u00fablico en las panader\u00edas.<\/p>\n<p><strong>\u00abSi logramos consolidar una canasta de frescos y una canasta de g\u00f3ndola, una canasta regulada de alimentos diversa, ah\u00ed yo me sentir\u00eda muy contento con la gesti\u00f3n porque podr\u00edamos cumplir el objetivo estructural que es nivelar ingresos con consumo de canasta alimentaria, lograr que la canasta alimentaria deje de ser un peso en el ingreso popular y est\u00e9 ordenada, sea previsible, esa es la gran apuesta de ese proceso\u00bb,<\/strong> afirm\u00f3.<\/p>\n<p>Acerca de la canasta de 1.321 productos de +Precios Cuidados, remarc\u00f3 que<strong> \u00abtenemos la expectativa de que esto siga obrando como un amortiguador de precios y una mejora del ingreso real\u00bb.<\/strong><\/p>\n<p>En la lista acordada con unas 150 empresas, se destacan una amplia gama de productos esenciales para las compras y los consumos de todos los d\u00edas como 45 variedades de leches (larga vida, infantiles, saborizadas, fluidas y en polvo), 22 presentaciones de yerbas, 6 panificados de molde, 24 tipos y tama\u00f1os de pa\u00f1ales descartables y 33 variedades de paquetes de pasta seca, entre otros art\u00edculos de primera necesidad.<\/p>\n<p>Los productos de Precios Cuidados se comercializan en todo el pa\u00eds, en las principales cadenas de supermercados minoristas y mayoristas.<\/p>\n<p>A partir de la puesta en marcha del programa, resta que se avance en las negociaciones para asegurar la implementaci\u00f3n del programa en comercios de menor tama\u00f1o como almacenes, autoservicios y supermercados chinos.<\/p>\n<p>El viernes el ministro de Econom\u00eda, Mart\u00edn Guzm\u00e1n, y Feletti mantuvieron una reuni\u00f3n con el staff del Fondo Monetario Internacional (FMI) con foco en el nuevo programa de precios y la \u00abestrategia integral\u00bb del Gobierno para abordar la inflaci\u00f3n.<\/p>\n<p>All\u00ed, Guzm\u00e1n destac\u00f3 que el programa Precios Cuidados <strong>\u00abconstituye un elemento importante para lo que es el proceso de atacar el fen\u00f3meno inflacionario en la Argentina\u00bb,<\/strong> e hizo hincapi\u00e9 en la importancia de \u00abtener pol\u00edticas de precios-ingresos que garanticen que el salario real pueda ir aumentando al mismo tiempo que se tranquilizan las expectativas inflacionarias\u00bb.<\/p>\n<p>El funcionario remarc\u00f3 que <strong>\u00abel hecho de que se lleg\u00f3 a un acuerdo con m\u00e1s de 150 empresas sobre m\u00e1s de 1.300 productos le da m\u00e1s sustentabilidad a lo que se alcanz\u00f3, y que va a servir como un elemento m\u00e1s para anclar expectativas\u00bb.<\/strong><\/p>\n<p>&nbsp;<\/p>\n","protected":false},"excerpt":{"rendered":"<p>&nbsp; La Secretar\u00eda de Comercio Interior lanz\u00f3 en la \u00faltima semana el programa +Precios Cuidados con 1.321 productos y apunta<\/p>\n","protected":false},"author":1,"featured_media":68888,"comment_status":"closed","ping_status":"closed","sticky":false,"template":"","format":"standard","meta":{"kia_subtitle":"","footnotes":"","jetpack_publicize_message":"","jetpack_publicize_feature_enabled":true,"jetpack_social_post_already_shared":true,"jetpack_social_options":{"image_generator_settings":{"template":"highway","default_image_id":0,"font":"","enabled":false},"version":2}},"categories":[3,41],"tags":[],"class_list":["post-68887","post","type-post","status-publish","format-standard","has-post-thumbnail","hentry","category-actualidad","category-nacionales"],"jetpack_publicize_connections":[],"jetpack_featured_media_url":"https:\/\/laurbedigital.com.ar\/noticias\/wp-content\/uploads\/2022\/01\/20220115-Precios-cuidados.jpg","_links":{"self":[{"href":"https:\/\/laurbedigital.com.ar\/noticias\/wp-json\/wp\/v2\/posts\/68887","targetHints":{"allow":["GET"]}}],"collection":[{"href":"https:\/\/laurbedigital.com.ar\/noticias\/wp-json\/wp\/v2\/posts"}],"about":[{"href":"https:\/\/laurbedigital.com.ar\/noticias\/wp-json\/wp\/v2\/types\/post"}],"author":[{"embeddable":true,"href":"https:\/\/laurbedigital.com.ar\/noticias\/wp-json\/wp\/v2\/users\/1"}],"replies":[{"embeddable":true,"href":"https:\/\/laurbedigital.com.ar\/noticias\/wp-json\/wp\/v2\/comments?post=68887"}],"version-history":[{"count":3,"href":"https:\/\/laurbedigital.com.ar\/noticias\/wp-json\/wp\/v2\/posts\/68887\/revisions"}],"predecessor-version":[{"id":68891,"href":"https:\/\/laurbedigital.com.ar\/noticias\/wp-json\/wp\/v2\/posts\/68887\/revisions\/68891"}],"wp:featuredmedia":[{"embeddable":true,"href":"https:\/\/laurbedigital.com.ar\/noticias\/wp-json\/wp\/v2\/media\/68888"}],"wp:attachment":[{"href":"https:\/\/laurbedigital.com.ar\/noticias\/wp-json\/wp\/v2\/media?parent=68887"}],"wp:term":[{"taxonomy":"category","embeddable":true,"href":"https:\/\/laurbedigital.com.ar\/noticias\/wp-json\/wp\/v2\/categories?post=68887"},{"taxonomy":"post_tag","embeddable":true,"href":"https:\/\/laurbedigital.com.ar\/noticias\/wp-json\/wp\/v2\/tags?post=68887"}],"curies":[{"name":"wp","href":"https:\/\/api.w.org\/{rel}","templated":true}]}}