{"id":68837,"date":"2022-01-14T18:21:58","date_gmt":"2022-01-14T21:21:58","guid":{"rendered":"https:\/\/laurbedigital.com.ar\/noticias\/?p=68837"},"modified":"2022-01-14T18:21:58","modified_gmt":"2022-01-14T21:21:58","slug":"tras-la-muerte-de-su-hijo-hospitalizan-a-la-cantante-irlandesa-sinead-oconnor","status":"publish","type":"post","link":"https:\/\/laurbedigital.com.ar\/noticias\/2022\/01\/14\/tras-la-muerte-de-su-hijo-hospitalizan-a-la-cantante-irlandesa-sinead-oconnor\/","title":{"rendered":"Tras la muerte de su hijo, hospitalizan a la cantante irlandesa Sin\u00e9ad O&#8217;Connor"},"content":{"rendered":"<p>&nbsp;<\/p>\n<h5>Sus posteos levantaron la alarma de sus seguidores y seguidoras, y pronto O&#8217;Connor se puso en contacto con las fuerzas de seguridad para que la acompa\u00f1aran a internarse de forma voluntaria en un centro asistencial.<\/h5>\n<p>La cantante irlandesa Sin\u00e9ad O&#8217;Connor fue hospitalizada durante las \u00faltimas horas luego de publicar en los \u00faltimos d\u00edas algunos inquietantes mensajes en su cuenta de Twitter en los que suger\u00eda que ten\u00eda intenciones de quitarse la vida, una semana despu\u00e9s de que su hijo Shane, de 17 a\u00f1os, desapareciera y fuera encontrado muerto tras una intensa pero breve b\u00fasqueda.<\/p>\n<p>Seg\u00fan inform\u00f3 el sitio especializado Entertainment Weekly, la cantante de \u00abNothing Compares 2 U\u00bb escribi\u00f3 que hab\u00eda decidido \u00abseguir\u00bb a su hijo, porque \u00abno tiene sentido vivir sin \u00e9l\u00bb.<\/p>\n<p><strong>\u00abTodo lo que toco, lo arruino. S\u00f3lo me qued\u00e9 por \u00e9l. Y ahora ya no est\u00e1. Destru\u00ed a mi familia. Mis hijos ya no quieren saber nada de m\u00ed\u00bb,<\/strong> agreg\u00f3 en esa red social la vocalista de 55 a\u00f1os, que en mayo de 2021 pasado relat\u00f3 en una entrevista con la revista People que hab\u00eda sido diagnosticada con desorden bipolar, estr\u00e9s postraum\u00e1tico complejo y trastorno l\u00edmite de la personalidad.<\/p>\n<blockquote class=\"twitter-tweet\">\n<p dir=\"ltr\" lang=\"en\">I\u2019m sorry for what I tweeted yesterday. I\u2019m very upset. My son was the love of my life. I am sorry I\u2019ve upset tusla and just about every other human being on earth also. I am ruined without my son. I am sorry I\u2019ve upset anyone. I\u2019m a twat.<\/p>\n<p>\u2014 Sinead The 1 And Only (@OhSineady) <a href=\"https:\/\/twitter.com\/OhSineady\/status\/1482021990462599183?ref_src=twsrc%5Etfw\" target=\"_blank\" rel=\"noopener\">January 14, 2022<\/a><\/p><\/blockquote>\n<p><script async src=\"https:\/\/platform.twitter.com\/widgets.js\" charset=\"utf-8\"><\/script><\/p>\n<p>Sus posteos levantaron la alarma de sus seguidores y seguidoras, y pronto O&#8217;Connor se puso en contacto con las fuerzas de seguridad para que la acompa\u00f1aran a internarse de forma voluntaria en un centro asistencial: \u00abPido disculpas por preocupar a todos. Me siento perdida sin mi hijo y me odio a m\u00ed misma. El hospital va a ayudar por un tiempo, pero voy a encontrar a Shane. Esto es s\u00f3lo un contratiempo\u00bb, agreg\u00f3 en Twitter.<\/p>\n<p>La artista, que tambi\u00e9n es madre de Jake, Roisin y Yeshua, arrastra desde el 2015 una serie de experiencias traum\u00e1ticas relacionadas con su salud y con la adicci\u00f3n a distintas sustancias que la llevaron a permanecer en varias ocasiones en distintos centros psiqui\u00e1tricos.<\/p>\n<p><strong>\u00abNunca pod\u00e9s predecir qu\u00e9 va a detonar el trauma. Yo me describo como un perro rescatado: estoy bien hasta que me pon\u00e9s en una situaci\u00f3n que por m\u00e1s que sea leve, huele a cualquiera de los traumas que pas\u00e9, y me doy vuelta\u00bb,<\/strong> explic\u00f3 O&#8217;Connor en ese momento, tambi\u00e9n a trav\u00e9s de sus redes sociales y en un video casero que public\u00f3 en la plataforma YouTube.<\/p>\n<p>Y en ese sentido, a\u00f1adi\u00f3: <strong>\u00abCrec\u00ed con much\u00edsimo trauma y abuso. Despu\u00e9s me met\u00ed directo en el negocio de la m\u00fasica. Pero nunca aprend\u00ed realmente c\u00f3mo llevar adelante una vida normal, nunca me tom\u00e9 el tiempo necesario para sanar. Y tampoco estaba lista para hacerlo\u00bb<\/strong>.<\/p>\n<p>Su hospitalizaci\u00f3n llega una semana despu\u00e9s de que su hijo adolescente fuera encontrado muerto un d\u00eda despu\u00e9s de desaparecer del hospital de Tallaght, ubicado en las cercan\u00edas de Dubl\u00edn, donde estaba internado por un intento de suicidio.<\/p>\n<p>\u00abMi hermoso hijo, Nevi&#8217;im Nesta Ali Shane O&#8217;Connor, la luz misma de mi vida, decidi\u00f3 terminar su lucha terrenal hoy y ahora est\u00e1 con Dios. Que descanse en paz y que nadie siga su ejemplo\u00bb, escribi\u00f3 la cantante tras conocerse la noticia.<\/p>\n","protected":false},"excerpt":{"rendered":"<p>&nbsp; Sus posteos levantaron la alarma de sus seguidores y seguidoras, y pronto O&#8217;Connor se puso en contacto con las<\/p>\n","protected":false},"author":1,"featured_media":68838,"comment_status":"closed","ping_status":"closed","sticky":false,"template":"","format":"standard","meta":{"kia_subtitle":"","footnotes":"","jetpack_publicize_message":"","jetpack_publicize_feature_enabled":true,"jetpack_social_post_already_shared":true,"jetpack_social_options":{"image_generator_settings":{"template":"highway","default_image_id":0,"font":"","enabled":false},"version":2}},"categories":[68],"tags":[],"class_list":["post-68837","post","type-post","status-publish","format-standard","has-post-thumbnail","hentry","category-cine-y-series"],"jetpack_publicize_connections":[],"jetpack_featured_media_url":"https:\/\/laurbedigital.com.ar\/noticias\/wp-content\/uploads\/2022\/01\/20220114-SineadOConnor.jpg","_links":{"self":[{"href":"https:\/\/laurbedigital.com.ar\/noticias\/wp-json\/wp\/v2\/posts\/68837","targetHints":{"allow":["GET"]}}],"collection":[{"href":"https:\/\/laurbedigital.com.ar\/noticias\/wp-json\/wp\/v2\/posts"}],"about":[{"href":"https:\/\/laurbedigital.com.ar\/noticias\/wp-json\/wp\/v2\/types\/post"}],"author":[{"embeddable":true,"href":"https:\/\/laurbedigital.com.ar\/noticias\/wp-json\/wp\/v2\/users\/1"}],"replies":[{"embeddable":true,"href":"https:\/\/laurbedigital.com.ar\/noticias\/wp-json\/wp\/v2\/comments?post=68837"}],"version-history":[{"count":1,"href":"https:\/\/laurbedigital.com.ar\/noticias\/wp-json\/wp\/v2\/posts\/68837\/revisions"}],"predecessor-version":[{"id":68839,"href":"https:\/\/laurbedigital.com.ar\/noticias\/wp-json\/wp\/v2\/posts\/68837\/revisions\/68839"}],"wp:featuredmedia":[{"embeddable":true,"href":"https:\/\/laurbedigital.com.ar\/noticias\/wp-json\/wp\/v2\/media\/68838"}],"wp:attachment":[{"href":"https:\/\/laurbedigital.com.ar\/noticias\/wp-json\/wp\/v2\/media?parent=68837"}],"wp:term":[{"taxonomy":"category","embeddable":true,"href":"https:\/\/laurbedigital.com.ar\/noticias\/wp-json\/wp\/v2\/categories?post=68837"},{"taxonomy":"post_tag","embeddable":true,"href":"https:\/\/laurbedigital.com.ar\/noticias\/wp-json\/wp\/v2\/tags?post=68837"}],"curies":[{"name":"wp","href":"https:\/\/api.w.org\/{rel}","templated":true}]}}