{"id":68734,"date":"2022-01-13T11:04:24","date_gmt":"2022-01-13T14:04:24","guid":{"rendered":"https:\/\/laurbedigital.com.ar\/noticias\/?p=68734"},"modified":"2022-01-13T11:05:03","modified_gmt":"2022-01-13T14:05:03","slug":"la-ola-de-calor-se-extiende-y-emiten-un-alerta-rojo-para-gran-parte-del-pais","status":"publish","type":"post","link":"https:\/\/laurbedigital.com.ar\/noticias\/2022\/01\/13\/la-ola-de-calor-se-extiende-y-emiten-un-alerta-rojo-para-gran-parte-del-pais\/","title":{"rendered":"La ola de calor se extiende y emiten un alerta rojo para gran parte del pa\u00eds"},"content":{"rendered":"<p>&nbsp;<\/p>\n<h5>Las provincias m\u00e1s complicadas son las del centro-oeste argentino, inform\u00f3 el Servicio Meteorol\u00f3gico Nacional. Advierten que pueden registrarse temperaturas \u00abmuy peligrosas para la salud, que pueden afectar a todas las personas\u00bb.<\/h5>\n<p>Gran parte del centro-oeste del pa\u00eds se encuentra en alerta roja por el riesgo para la salud que pueden implicar las temperaturas extremas pronosticas para este jueves, especialmente las provincias de\u00a0<strong>Tucum\u00e1n, Catamarca, La Rioja, San Juan, La Pampa, Mendoza y San Luis, inform\u00f3 el Servicio Meteorol\u00f3gico Nacional<\/strong><\/p>\n<p>En el marco de la ola de calor que vive casi todo el pa\u00eds, el SMN tambi\u00e9n estableci\u00f3 el nivel rojo para algunas localidades de Jujuy,<strong>\u00a0C\u00f3rdoba<\/strong>, Entre R\u00edos, Neuqu\u00e9n y R\u00edo Negro, lo que advierte que pueden registrarse temperaturas<strong>\u00a0\u00abmuy peligrosas para la salud, que pueden afectar a todas las personas, incluso a las saludables\u00bb<\/strong>\u00a0si no se adoptan los cuidados pertinentes.<\/p>\n<p>Las m\u00e1ximas esperadas durante la jornada para estas zonas se ubican<strong>\u00a0entre los 41 y 43 grados<\/strong>, seg\u00fan el pron\u00f3stico del SMN.<\/p>\n<blockquote class=\"twitter-tweet\">\n<p dir=\"ltr\" lang=\"es\">JUEVES&#x26a0;&#xfe0f;SAT| Alertas <a href=\"https:\/\/twitter.com\/hashtag\/SiHayAlertaEstateAlerta?src=hash&amp;ref_src=twsrc%5Etfw\" target=\"_blank\" rel=\"noopener\">#SiHayAlertaEstateAlerta<\/a><\/p>\n<p>Alerta nivel AMARILLO&#x1f7e1;<br \/>\n&#8211; Sectores de Mendoza, San Juan, La Rioja, Catamarca y Salta por <a href=\"https:\/\/twitter.com\/hashtag\/Tormenta?src=hash&amp;ref_src=twsrc%5Etfw\" target=\"_blank\" rel=\"noopener\">#Tormenta<\/a>&#x26c8;&#xfe0f;<\/p>\n<p>&#8211; Sectores de San Luis, La Rioja y Catamarca por <a href=\"https:\/\/twitter.com\/hashtag\/Viento?src=hash&amp;ref_src=twsrc%5Etfw\" target=\"_blank\" rel=\"noopener\">#Viento<\/a>&#x1f32c;&#xfe0f;<\/p>\n<p>M\u00e1s informaci\u00f3n en <a href=\"https:\/\/t.co\/GRjfngFWuF\">https:\/\/t.co\/GRjfngFWuF<\/a> <a href=\"https:\/\/t.co\/hlDwTUWZoB\">https:\/\/t.co\/hlDwTUWZoB<\/a><\/p>\n<p>\u2014 SMN Argentina (@SMN_Argentina) <a href=\"https:\/\/twitter.com\/SMN_Argentina\/status\/1481593067329183744?ref_src=twsrc%5Etfw\" target=\"_blank\" rel=\"noopener\">January 13, 2022<\/a><\/p><\/blockquote>\n<p><script async src=\"https:\/\/platform.twitter.com\/widgets.js\" charset=\"utf-8\"><\/script><\/p>\n<p>En tanto, la ciudad de Buenos Aires se encuentra en alerta naranja, con una m\u00e1xima pronosticada de 37 grados, al igual que gran parte de Salta y algunas localidades de la provincia de Buenos Aires (Pehuaj\u00f3, Pergamino, Arrecifes, entre otras), de C\u00f3rdoba, de La Rioja, San Luis, el sur de Mendoza y el norte de Neuqu\u00e9n.<\/p>\n<p>En este caso, el nivel naranja implica que las temperaturas \u00abpueden ser muy peligrosas para la salud, especialmente para los grupos de riesgo\u00bb, como beb\u00e9s y ni\u00f1os peque\u00f1os, mayores de 65 a\u00f1os y personas con enfermedades cr\u00f3nicas.<\/p>\n<p>Por su parte, rige la alerta amarilla para La Plata y el centro y sur de la provincia de Buenos Aires; Santa Fe, casi la totalidad de Entre R\u00edos, Corrientes y Santiago del Estero y localidades de C\u00f3rdoba, San Luis y Misiones.<\/p>\n<p>En estas zonas se advierte que las m\u00e1ximas esperadas \u00abpueden ser peligrosas, sobre todo para los grupos de riesgo\u00bb.<\/p>\n<p>&nbsp;<\/p>\n","protected":false},"excerpt":{"rendered":"<p>&nbsp; Las provincias m\u00e1s complicadas son las del centro-oeste argentino, inform\u00f3 el Servicio Meteorol\u00f3gico Nacional. Advierten que pueden registrarse temperaturas<\/p>\n","protected":false},"author":1,"featured_media":68735,"comment_status":"closed","ping_status":"closed","sticky":false,"template":"","format":"standard","meta":{"kia_subtitle":"","footnotes":"","jetpack_publicize_message":"","jetpack_publicize_feature_enabled":true,"jetpack_social_post_already_shared":true,"jetpack_social_options":{"image_generator_settings":{"template":"highway","default_image_id":0,"font":"","enabled":false},"version":2}},"categories":[3,41],"tags":[],"class_list":["post-68734","post","type-post","status-publish","format-standard","has-post-thumbnail","hentry","category-actualidad","category-nacionales"],"jetpack_publicize_connections":[],"jetpack_featured_media_url":"https:\/\/laurbedigital.com.ar\/noticias\/wp-content\/uploads\/2022\/01\/20220113-Ola-de-calor.jpg","_links":{"self":[{"href":"https:\/\/laurbedigital.com.ar\/noticias\/wp-json\/wp\/v2\/posts\/68734","targetHints":{"allow":["GET"]}}],"collection":[{"href":"https:\/\/laurbedigital.com.ar\/noticias\/wp-json\/wp\/v2\/posts"}],"about":[{"href":"https:\/\/laurbedigital.com.ar\/noticias\/wp-json\/wp\/v2\/types\/post"}],"author":[{"embeddable":true,"href":"https:\/\/laurbedigital.com.ar\/noticias\/wp-json\/wp\/v2\/users\/1"}],"replies":[{"embeddable":true,"href":"https:\/\/laurbedigital.com.ar\/noticias\/wp-json\/wp\/v2\/comments?post=68734"}],"version-history":[{"count":3,"href":"https:\/\/laurbedigital.com.ar\/noticias\/wp-json\/wp\/v2\/posts\/68734\/revisions"}],"predecessor-version":[{"id":68742,"href":"https:\/\/laurbedigital.com.ar\/noticias\/wp-json\/wp\/v2\/posts\/68734\/revisions\/68742"}],"wp:featuredmedia":[{"embeddable":true,"href":"https:\/\/laurbedigital.com.ar\/noticias\/wp-json\/wp\/v2\/media\/68735"}],"wp:attachment":[{"href":"https:\/\/laurbedigital.com.ar\/noticias\/wp-json\/wp\/v2\/media?parent=68734"}],"wp:term":[{"taxonomy":"category","embeddable":true,"href":"https:\/\/laurbedigital.com.ar\/noticias\/wp-json\/wp\/v2\/categories?post=68734"},{"taxonomy":"post_tag","embeddable":true,"href":"https:\/\/laurbedigital.com.ar\/noticias\/wp-json\/wp\/v2\/tags?post=68734"}],"curies":[{"name":"wp","href":"https:\/\/api.w.org\/{rel}","templated":true}]}}