{"id":68711,"date":"2022-01-13T00:07:38","date_gmt":"2022-01-13T03:07:38","guid":{"rendered":"https:\/\/laurbedigital.com.ar\/noticias\/?p=68711"},"modified":"2022-01-13T00:07:38","modified_gmt":"2022-01-13T03:07:38","slug":"por-primera-vez-se-incorporan-en-el-botiquin-remediar-psicofarmacos-para-la-atencion-en-salud-mental","status":"publish","type":"post","link":"https:\/\/laurbedigital.com.ar\/noticias\/2022\/01\/13\/por-primera-vez-se-incorporan-en-el-botiquin-remediar-psicofarmacos-para-la-atencion-en-salud-mental\/","title":{"rendered":"Por primera vez se incorporan en el botiqu\u00edn Remediar psicof\u00e1rmacos para la atenci\u00f3n en salud mental"},"content":{"rendered":"<p>&nbsp;<\/p>\n<h5>La iniciativa est\u00e1 orientada a garantizar el derecho al acceso y cobertura de medicamentos b\u00e1sicos para dar respuesta a las problem\u00e1ticas en salud mental en los Centros de Atenci\u00f3n Primaria de la Salud.<\/h5>\n<p>La ministra de Salud de la Naci\u00f3n Carla Vizzotti visit\u00f3 hoy, junto a autoridades y equipos t\u00e9cnicos, el dep\u00f3sito del operador log\u00edstico de insumos y medicamentos del Correo Argentino, ubicado en Tortuguitas, desde donde por primera vez saldr\u00e1n para su distribuci\u00f3n los botiquines del programa Remediar que incluyen seis psicof\u00e1rmacos para la atenci\u00f3n en salud mental.<\/p>\n<p>La incorporaci\u00f3n de los psicof\u00e1rmacos sertralina, biperideno, haloperidol, diazepam, risperidona y escitalopram al botiqu\u00edn de Remediar es una estrategia destinada a garantizar el derecho al acceso y cobertura de medicamentos b\u00e1sicos para las problem\u00e1ticas en salud mental en los centros de atenci\u00f3n primaria de la salud.<\/p>\n<p>Los nuevos botiquines se enviar\u00e1n a las 17 provincias que ya han solicitado su env\u00edo y ser\u00e1n distribuidos a los distintos centros de salud o dep\u00f3sitos registrados con farmac\u00e9uticos certificados, para que luego las jurisdicciones realicen la entrega directa a los beneficiarios.<\/p>\n<p><strong>\u201cEsta acci\u00f3n se suma a una pol\u00edtica muy activa de fortalecer el Remediar, aumentar el n\u00famero de botiquines, actualizar el vadem\u00e9cum y de trabajar en las dem\u00e1s \u00e1reas como salud sexual, VIH y hepatitis\u201d,<\/strong> inform\u00f3 la ministra y adelant\u00f3 que a partir de febrero se comenzar\u00e1n a distribuir los botiquines con los medicamentos de salud mental a las 17 jurisdicciones que se adhirieron a la iniciativa.<\/p>\n<p>Luego <strong>Vizzotti<\/strong> agreg\u00f3 que<strong> \u201cestamos trabajando para que el resto de las jurisdicciones puedan tambi\u00e9n recibirlo con los cuidados que requiere esta estrategia en particular. Trabajamos much\u00edsimo el Correo Argentino y el Ministerio de Salud de la Naci\u00f3n, a trav\u00e9s de Remediar y Salud Mental, para la distribuci\u00f3n de los botiquines\u201d.<\/strong><\/p>\n<p><img loading=\"lazy\" decoding=\"async\" class=\"alignnone wp-image-68712\" src=\"https:\/\/laurbedigital.com.ar\/noticias\/wp-content\/uploads\/2022\/01\/remediar.jpeg\" alt=\"\" width=\"700\" height=\"463\" title=\"\"><\/p>\n<p>Para la inclusi\u00f3n de psicof\u00e1rmacos en el programa Remediar se llev\u00f3 a cabo una selecci\u00f3n b\u00e1sica de los m\u00e1s utilizados en distintos tipos de tratamientos, en funci\u00f3n de la experiencia cl\u00ednica de distintos profesionales en el \u00e1mbito hospitalario y en el primer nivel de atenci\u00f3n.<\/p>\n<p>En este sentido, incluir el tratamiento de la salud mental en el programa Remediar, favorece el acceso al tratamiento psicofarmacol\u00f3gico y permite que puedan darse servicios interdisciplinarios.<\/p>\n<p>Durante la visita, las autoridades tambi\u00e9n recorrieron los dep\u00f3sitos donde se env\u00edan todos los medicamentos sin cadena de fr\u00edo de los distintos programas del ministerio y los test de ant\u00edgenos y anticuerpos, hisopos, jeringas y elementos de protecci\u00f3n personal que son distribuidos a las jurisdicciones en el marco de la pandemia. All\u00ed hay 10 trabajadores del Ministerio de Salud de la Naci\u00f3n dependientes de la Direcci\u00f3n Nacional de Medicamentos que se encargan del control de toda la operatoria log\u00edstica.<\/p>\n<p>De la recorrida tambi\u00e9n participaron la secretaria de Acceso a la Salud, Sandra Tirado; la subsecretaria de Medicamentos e Informaci\u00f3n Estrat\u00e9gica, Natalia Grinblat; la subsecretaria de Gesti\u00f3n e Institutos, Edith Benedetti; el director nacional de Medicamentos, Emiliano Melero; la directora nacional de Salud Mental, Silvia Bentolila; la coordinadora del Programa Remediar, Gisela Soler; y el coordinador del Programa de Cannabis Medicinal, Marcelo Morante. Tambi\u00e9n estuvo presente la presidenta del Correo Argentino, Vanesa Piesciorovski.<\/p>\n<p>&nbsp;<\/p>\n","protected":false},"excerpt":{"rendered":"<p>&nbsp; La iniciativa est\u00e1 orientada a garantizar el derecho al acceso y cobertura de medicamentos b\u00e1sicos para dar respuesta a<\/p>\n","protected":false},"author":1,"featured_media":68713,"comment_status":"closed","ping_status":"closed","sticky":false,"template":"","format":"standard","meta":{"kia_subtitle":"","footnotes":"","jetpack_publicize_message":"","jetpack_publicize_feature_enabled":true,"jetpack_social_post_already_shared":true,"jetpack_social_options":{"image_generator_settings":{"template":"highway","default_image_id":0,"font":"","enabled":false},"version":2}},"categories":[3,41],"tags":[],"class_list":["post-68711","post","type-post","status-publish","format-standard","has-post-thumbnail","hentry","category-actualidad","category-nacionales"],"jetpack_publicize_connections":[],"jetpack_featured_media_url":"https:\/\/laurbedigital.com.ar\/noticias\/wp-content\/uploads\/2022\/01\/remeriar1.jpeg","_links":{"self":[{"href":"https:\/\/laurbedigital.com.ar\/noticias\/wp-json\/wp\/v2\/posts\/68711","targetHints":{"allow":["GET"]}}],"collection":[{"href":"https:\/\/laurbedigital.com.ar\/noticias\/wp-json\/wp\/v2\/posts"}],"about":[{"href":"https:\/\/laurbedigital.com.ar\/noticias\/wp-json\/wp\/v2\/types\/post"}],"author":[{"embeddable":true,"href":"https:\/\/laurbedigital.com.ar\/noticias\/wp-json\/wp\/v2\/users\/1"}],"replies":[{"embeddable":true,"href":"https:\/\/laurbedigital.com.ar\/noticias\/wp-json\/wp\/v2\/comments?post=68711"}],"version-history":[{"count":3,"href":"https:\/\/laurbedigital.com.ar\/noticias\/wp-json\/wp\/v2\/posts\/68711\/revisions"}],"predecessor-version":[{"id":68716,"href":"https:\/\/laurbedigital.com.ar\/noticias\/wp-json\/wp\/v2\/posts\/68711\/revisions\/68716"}],"wp:featuredmedia":[{"embeddable":true,"href":"https:\/\/laurbedigital.com.ar\/noticias\/wp-json\/wp\/v2\/media\/68713"}],"wp:attachment":[{"href":"https:\/\/laurbedigital.com.ar\/noticias\/wp-json\/wp\/v2\/media?parent=68711"}],"wp:term":[{"taxonomy":"category","embeddable":true,"href":"https:\/\/laurbedigital.com.ar\/noticias\/wp-json\/wp\/v2\/categories?post=68711"},{"taxonomy":"post_tag","embeddable":true,"href":"https:\/\/laurbedigital.com.ar\/noticias\/wp-json\/wp\/v2\/tags?post=68711"}],"curies":[{"name":"wp","href":"https:\/\/api.w.org\/{rel}","templated":true}]}}