{"id":68333,"date":"2022-01-07T10:20:34","date_gmt":"2022-01-07T13:20:34","guid":{"rendered":"https:\/\/laurbedigital.com.ar\/noticias\/?p=68333"},"modified":"2022-01-07T10:22:13","modified_gmt":"2022-01-07T13:22:13","slug":"cascallares-este-verano-avanza-la-instalacion-de-luces-led-en-barrios-y-localidades","status":"publish","type":"post","link":"https:\/\/laurbedigital.com.ar\/noticias\/2022\/01\/07\/cascallares-este-verano-avanza-la-instalacion-de-luces-led-en-barrios-y-localidades\/","title":{"rendered":"Cascallares: \u00abEste verano avanza la instalaci\u00f3n de luces led en barrios y localidades\u00bb"},"content":{"rendered":"<div id=\":1bh\" class=\"ii gt\">\n<div id=\":1bg\" class=\"a3s aiL \">\n<h5 dir=\"ltr\"><\/h5>\n<h5 dir=\"ltr\">Siguen avanzando en Almirante Brown los operativos de recambio de luminarias en la v\u00eda p\u00fablica con la instalaci\u00f3n de las nuevas lunes con tecnolog\u00eda Led.<\/h5>\n<div dir=\"ltr\">\n<p>Incluso en algunos sectores -como tramos de la avenida Rep\u00fablica Argentina- se vienen colocando nuevas columnas de alumbrado p\u00fablico con los correspondientes artefactos, lo que mejora la iluminaci\u00f3n en esas zonas en forma muy considerable.<\/p>\n<p><img loading=\"lazy\" decoding=\"async\" class=\"alignnone wp-image-68335\" src=\"https:\/\/laurbedigital.com.ar\/noticias\/wp-content\/uploads\/2022\/01\/20220107-Brown-LED1.jpg\" alt=\"\" width=\"709\" height=\"395\" title=\"\" srcset=\"https:\/\/laurbedigital.com.ar\/noticias\/wp-content\/uploads\/2022\/01\/20220107-Brown-LED1.jpg 768w, https:\/\/laurbedigital.com.ar\/noticias\/wp-content\/uploads\/2022\/01\/20220107-Brown-LED1-300x167.jpg 300w\" sizes=\"auto, (max-width: 709px) 100vw, 709px\" \/><\/p>\n<p><strong>En ese contexto, Mariano Cascallares asegur\u00f3 que \u00abeste verano avanza la instalaci\u00f3n de luces Led en los barrios y en las localidades de nuestro distrito\u00bb, y a\u00f1adi\u00f3: \u00abJunto a Juan Fabiani y a todo el equipo del Municipio se contin\u00faan colocando m\u00e1s de 30 mil luminarias nuevas al tiempo que ya se realizan relevamientos para avanzar con nuevas zonas\u00bb.<\/strong><\/p>\n<\/div>\n<div dir=\"ltr\"><img loading=\"lazy\" decoding=\"async\" class=\"alignnone wp-image-68336\" src=\"https:\/\/laurbedigital.com.ar\/noticias\/wp-content\/uploads\/2022\/01\/20220107-Brown-LED2.jpg\" alt=\"\" width=\"711\" height=\"396\" title=\"\" srcset=\"https:\/\/laurbedigital.com.ar\/noticias\/wp-content\/uploads\/2022\/01\/20220107-Brown-LED2.jpg 768w, https:\/\/laurbedigital.com.ar\/noticias\/wp-content\/uploads\/2022\/01\/20220107-Brown-LED2-300x167.jpg 300w\" sizes=\"auto, (max-width: 711px) 100vw, 711px\" \/><\/div>\n<div dir=\"ltr\"><strong>Cascallares<\/strong> <strong>record\u00f3 que \u00abeste sistema de iluminaci\u00f3n nos permite mejorar la visibilidad, ahorrar energ\u00eda, e ir convirti\u00e9ndonos en un distrito m\u00e1s moderno y seguro. Tambi\u00e9n realizamos un aporte concreto al cuidado del medio ambiente\u00bb.<\/strong><\/div>\n<div dir=\"ltr\"><\/div>\n<div dir=\"ltr\">\n<p>En ese contexto en las \u00faltimas horas se viene avanzando muy fuerte con la instalaci\u00f3n de luces Led en un importante tramo de la calle Alsina en la localidad de Claypole, una tarea que mejorar\u00e1 en forma considerable la visibilidad en toda esa zona de nuestro distrito.<\/p>\n<p><img loading=\"lazy\" decoding=\"async\" class=\"alignnone wp-image-68337\" src=\"https:\/\/laurbedigital.com.ar\/noticias\/wp-content\/uploads\/2022\/01\/20220107-Brown-LED3.jpg\" alt=\"\" width=\"730\" height=\"407\" title=\"\" srcset=\"https:\/\/laurbedigital.com.ar\/noticias\/wp-content\/uploads\/2022\/01\/20220107-Brown-LED3.jpg 768w, https:\/\/laurbedigital.com.ar\/noticias\/wp-content\/uploads\/2022\/01\/20220107-Brown-LED3-300x167.jpg 300w\" sizes=\"auto, (max-width: 730px) 100vw, 730px\" \/><\/p>\n<\/div>\n<div dir=\"ltr\"><\/div>\n<div dir=\"ltr\">El actual diputado provincial indic\u00f3 que<strong> \u00abvamos a continuar relevando nuevas zonas e instalando el lunes Led hasta completar la totalidad de los barrios de Almirante Brown\u00bb.<\/strong><\/div>\n<\/div>\n<div class=\"yj6qo\"><\/div>\n<div class=\"yj6qo\"><\/div>\n<div class=\"yj6qo\"><\/div>\n<\/div>\n<div id=\":pl\" class=\"hq gt\"><\/div>\n","protected":false},"excerpt":{"rendered":"<p>Siguen avanzando en Almirante Brown los operativos de recambio de luminarias en la v\u00eda p\u00fablica con la instalaci\u00f3n de las<\/p>\n","protected":false},"author":1,"featured_media":68334,"comment_status":"closed","ping_status":"closed","sticky":false,"template":"","format":"standard","meta":{"kia_subtitle":"","footnotes":"","jetpack_publicize_message":"","jetpack_publicize_feature_enabled":true,"jetpack_social_post_already_shared":true,"jetpack_social_options":{"image_generator_settings":{"template":"highway","default_image_id":0,"font":"","enabled":false},"version":2}},"categories":[2,33],"tags":[],"class_list":["post-68333","post","type-post","status-publish","format-standard","has-post-thumbnail","hentry","category-alte-brown","category-alte-brown-alte-brown"],"jetpack_publicize_connections":[],"jetpack_featured_media_url":"https:\/\/laurbedigital.com.ar\/noticias\/wp-content\/uploads\/2022\/01\/20220107-Brown-LED.jpg","_links":{"self":[{"href":"https:\/\/laurbedigital.com.ar\/noticias\/wp-json\/wp\/v2\/posts\/68333","targetHints":{"allow":["GET"]}}],"collection":[{"href":"https:\/\/laurbedigital.com.ar\/noticias\/wp-json\/wp\/v2\/posts"}],"about":[{"href":"https:\/\/laurbedigital.com.ar\/noticias\/wp-json\/wp\/v2\/types\/post"}],"author":[{"embeddable":true,"href":"https:\/\/laurbedigital.com.ar\/noticias\/wp-json\/wp\/v2\/users\/1"}],"replies":[{"embeddable":true,"href":"https:\/\/laurbedigital.com.ar\/noticias\/wp-json\/wp\/v2\/comments?post=68333"}],"version-history":[{"count":5,"href":"https:\/\/laurbedigital.com.ar\/noticias\/wp-json\/wp\/v2\/posts\/68333\/revisions"}],"predecessor-version":[{"id":68342,"href":"https:\/\/laurbedigital.com.ar\/noticias\/wp-json\/wp\/v2\/posts\/68333\/revisions\/68342"}],"wp:featuredmedia":[{"embeddable":true,"href":"https:\/\/laurbedigital.com.ar\/noticias\/wp-json\/wp\/v2\/media\/68334"}],"wp:attachment":[{"href":"https:\/\/laurbedigital.com.ar\/noticias\/wp-json\/wp\/v2\/media?parent=68333"}],"wp:term":[{"taxonomy":"category","embeddable":true,"href":"https:\/\/laurbedigital.com.ar\/noticias\/wp-json\/wp\/v2\/categories?post=68333"},{"taxonomy":"post_tag","embeddable":true,"href":"https:\/\/laurbedigital.com.ar\/noticias\/wp-json\/wp\/v2\/tags?post=68333"}],"curies":[{"name":"wp","href":"https:\/\/api.w.org\/{rel}","templated":true}]}}