{"id":67197,"date":"2021-12-17T16:29:40","date_gmt":"2021-12-17T19:29:40","guid":{"rendered":"https:\/\/laurbedigital.com.ar\/noticias\/?p=67197"},"modified":"2021-12-17T16:30:09","modified_gmt":"2021-12-17T19:30:09","slug":"teresa-parodi-y-la-orquesta-de-camara-de-alte-brown-cerraran-el-ano-con-un-show-musical","status":"publish","type":"post","link":"https:\/\/laurbedigital.com.ar\/noticias\/2021\/12\/17\/teresa-parodi-y-la-orquesta-de-camara-de-alte-brown-cerraran-el-ano-con-un-show-musical\/","title":{"rendered":"Teresa Parodi y la Orquesta de C\u00e1mara de Alte Brown cerrar\u00e1n el a\u00f1o con un show musical"},"content":{"rendered":"<div>\n<h5><\/h5>\n<h5>El Municipio de Almirante Brown llevar\u00e1 adelante este s\u00e1bado 18 de diciembre el show musical de cierre de a\u00f1o de la mano de la hist\u00f3rica cantautora Teresa Parodi, quien se presentar\u00e1 junto a la Orquesta de C\u00e1mara local, con arreglos del maestro Popi Spatocco y la direcci\u00f3n de Pablo Agri.<\/h5>\n<div>\n<p>Con entrada libre y gratuita, el show se realizar\u00e1 desde las 19.30 en la Sala Soldi de la Casa Municipal de la Cultura, ubicada en Esteban Adrogu\u00e9 N\u00b0 1224. La jornada se iniciar\u00e1 con la presentaci\u00f3n de la Orquesta Municipal de Tango.<\/p>\n<\/div>\n<div>\n<p>De esta manera, luego de un a\u00f1o repleto de actividades culturales y shows de primer nivel, el Municipio de Almirante Brown cierra el 2021 con broche de oro con la presentaci\u00f3n de Teresa Parodi, quien repasar\u00e1 los cl\u00e1sicos de toda su carrera junto a la Orquesta de C\u00e1mara Browniana, que se encuentra en los festejos por los 20 a\u00f1os de su formaci\u00f3n.<\/p>\n<p><strong>\u00abInvitamos a las vecinas y los vecinos a participar de esta cita de la cultura para disfrutar de nuestra m\u00fasica popular\u00bb.<\/strong> <strong>indic\u00f3 Mariano Cascallares.<\/strong><\/p>\n<p><img loading=\"lazy\" decoding=\"async\" class=\"alignnone size-full wp-image-67199\" src=\"https:\/\/laurbedigital.com.ar\/noticias\/wp-content\/uploads\/2021\/12\/20211217-autos-antiguos.jpg\" alt=\"\" width=\"768\" height=\"428\" title=\"\" srcset=\"https:\/\/laurbedigital.com.ar\/noticias\/wp-content\/uploads\/2021\/12\/20211217-autos-antiguos.jpg 768w, https:\/\/laurbedigital.com.ar\/noticias\/wp-content\/uploads\/2021\/12\/20211217-autos-antiguos-300x167.jpg 300w\" sizes=\"auto, (max-width: 768px) 100vw, 768px\" \/><br \/>\nMientras tanto, este domingo la cultura fierrera vuelve a Almirante Brown y puntualmente a Longchamps. Con autos Hot Rod, Antiguos, Cl\u00e1sicos, M\u00fasica en Vivo y mucho m\u00e1s. La entrada es un alimento no perecedero y la actividad se desarrollar\u00e1 este domingo de 10 a 20 horas en el Bulevard C\u00edvico Claudia Molina de la avenida Chiessa.<\/p>\n<p>Finalmente, este s\u00e1bado 18 de diciembre de 2021 en la Granja Educativa Municipal de Ministro Rivadavia de 10 a 17 horas estar\u00e1 la Feria de Productores Locales de Almirante Brown.<\/p>\n<p>Finalmente este viernes desde las 18 horas, y el s\u00e1bado y domingo desde el mediod\u00eda en la Plaza Houssey de Glew (Avellaneda entre Soldi y Pellegrini) se desarrollar\u00e1 Brown a Cielo Abierto con actividades y Foods Trucks para toda la familia.<\/p>\n<\/div>\n<\/div>\n<div><\/div>\n","protected":false},"excerpt":{"rendered":"<p>El Municipio de Almirante Brown llevar\u00e1 adelante este s\u00e1bado 18 de diciembre el show musical de cierre de a\u00f1o de<\/p>\n","protected":false},"author":1,"featured_media":67198,"comment_status":"closed","ping_status":"closed","sticky":false,"template":"","format":"standard","meta":{"kia_subtitle":"","footnotes":"","jetpack_publicize_message":"","jetpack_publicize_feature_enabled":true,"jetpack_social_post_already_shared":true,"jetpack_social_options":{"image_generator_settings":{"template":"highway","default_image_id":0,"font":"","enabled":false},"version":2}},"categories":[2,33],"tags":[],"class_list":["post-67197","post","type-post","status-publish","format-standard","has-post-thumbnail","hentry","category-alte-brown","category-alte-brown-alte-brown"],"jetpack_publicize_connections":[],"jetpack_featured_media_url":"https:\/\/laurbedigital.com.ar\/noticias\/wp-content\/uploads\/2021\/12\/20211217-Teresa-parodi.jpg","_links":{"self":[{"href":"https:\/\/laurbedigital.com.ar\/noticias\/wp-json\/wp\/v2\/posts\/67197","targetHints":{"allow":["GET"]}}],"collection":[{"href":"https:\/\/laurbedigital.com.ar\/noticias\/wp-json\/wp\/v2\/posts"}],"about":[{"href":"https:\/\/laurbedigital.com.ar\/noticias\/wp-json\/wp\/v2\/types\/post"}],"author":[{"embeddable":true,"href":"https:\/\/laurbedigital.com.ar\/noticias\/wp-json\/wp\/v2\/users\/1"}],"replies":[{"embeddable":true,"href":"https:\/\/laurbedigital.com.ar\/noticias\/wp-json\/wp\/v2\/comments?post=67197"}],"version-history":[{"count":3,"href":"https:\/\/laurbedigital.com.ar\/noticias\/wp-json\/wp\/v2\/posts\/67197\/revisions"}],"predecessor-version":[{"id":67202,"href":"https:\/\/laurbedigital.com.ar\/noticias\/wp-json\/wp\/v2\/posts\/67197\/revisions\/67202"}],"wp:featuredmedia":[{"embeddable":true,"href":"https:\/\/laurbedigital.com.ar\/noticias\/wp-json\/wp\/v2\/media\/67198"}],"wp:attachment":[{"href":"https:\/\/laurbedigital.com.ar\/noticias\/wp-json\/wp\/v2\/media?parent=67197"}],"wp:term":[{"taxonomy":"category","embeddable":true,"href":"https:\/\/laurbedigital.com.ar\/noticias\/wp-json\/wp\/v2\/categories?post=67197"},{"taxonomy":"post_tag","embeddable":true,"href":"https:\/\/laurbedigital.com.ar\/noticias\/wp-json\/wp\/v2\/tags?post=67197"}],"curies":[{"name":"wp","href":"https:\/\/api.w.org\/{rel}","templated":true}]}}