{"id":6700,"date":"2017-03-11T23:23:05","date_gmt":"2017-03-12T02:23:05","guid":{"rendered":"http:\/\/laurbedigital.com.ar\/noticias\/?p=6700"},"modified":"2017-03-11T23:23:05","modified_gmt":"2017-03-12T02:23:05","slug":"brinkmann-el-pueblo-cordobes-que-voto-por-macri-y-ahora-va-rumbo-a-desaparecer","status":"publish","type":"post","link":"https:\/\/laurbedigital.com.ar\/noticias\/2017\/03\/11\/brinkmann-el-pueblo-cordobes-que-voto-por-macri-y-ahora-va-rumbo-a-desaparecer\/","title":{"rendered":"Brinkmann el pueblo cordobes que voto por Macri y ahora va rumbo a desaparecer"},"content":{"rendered":"<div>\n<div id=\"moz-reader-content\">\n<div id=\"readability-page-1\">\n<div id=\"content-main\">\n<p>El 15 de agosto de 2014, la localidad cordobesa de Brinkmann festejaba convertirse en ciudad, al superar los 10 mil habitantes necesarios para que el gobernador de ese entonces, Jos\u00e9 Manuel de la Sota, firmara el correspondiente decreto.<\/p>\n<p>Todo el pueblo del noreste provincial (muy cerca de la frontera con Santa Fe) festej\u00f3 con una gran fiesta. Los edificios p\u00fablicos y negocios se embanderaron para celebrar dicho logro, como as\u00ed tambi\u00e9n muchas instituciones y casas particulares.<\/p>\n<p>Eran tiempos de pujanza y crecimiento, potenciados por la producci\u00f3n l\u00e1ctea, con una gran cantidad de tambos, la mayor\u00eda de ellos trabajando en forma cooperativa. En ese marco, SanCor es una de las dos industrias principales del pueblo, mientras que la otra es el frigor\u00edfico La Piamontesa.<\/p>\n<p>En febrero comenzaron a llegar las malas noticias: SanCor planeaba cerrar la planta que emplea a centenares de brinkmanenes. Los rumores se convirtieron en versiones ciertas la semana pasada, cuando la gigante l\u00e1ctea anunci\u00f3 el cierre de 4 de sus plantas en el pa\u00eds, entre ellas, la de Brinkmann.<\/p>\n<p>Seg\u00fan trasncendi\u00f3, SanCor tuvo una ca\u00edda del 29% de la producci\u00f3n l\u00e1ctea (la peor de los \u00faltimos 9 a\u00f1os) y un desplome del 58% de las exportaciones.<\/p>\n<p>\u201cVemos con honda preocupaci\u00f3n esto porque con SanCor cierra parte de nuestra historia, porque Brinkmann creci\u00f3 con la planta de SanCor\u201c, admiti\u00f3 el intendente Gustavo T\u00e9vez, un delasotista que venci\u00f3 a la UCR en 2011, y que logr\u00f3 su reelecci\u00f3n en 2015, meses antes de que en el balotaje presidencial se impusiera Mauricio Macri, con el 60.57% de los votos brinkmanenses.<\/p>\n<p>\u201cNuestra econom\u00eda se mueve en lo que es la agroindustria y la producci\u00f3n lechera. Y esta fue la segunda planta que puso en marcha Sancor, que nace de la uni\u00f3n de los productores de Brinkmann y Sunchales que luego de la crisis del a\u00f1o 30 gestaron esta uni\u00f3n de cooperativa de segundo grado\u201c, rememor\u00f3.<\/p>\n<p>\u201cHace rato que se viene hablando del posible cierre de la planta. Hemos pasado de tener una planta de 400 empleados a tener 133, y hemos colaborado en este proceso de reestructuraci\u00f3n -que nunca se termina- con 250 puestos de trabajo en los \u00faltimos 10 a\u00f1os\u201c, dijo y aclar\u00f3 que el cierre de la planta en Brinkmann afecta tambi\u00e9n a una cadena de trabajo en materia de transporte, comercios y otras empresas que eran proveedoras de SanCor.<\/p>\n<p>El ministro de Producci\u00f3n de la Naci\u00f3n, Francisco Cabrera, apunt\u00f3 a los altos salarios de los empleados de la planta como la causa principal de la crisis de SanCor, Sin embargo, los trabajadores salieron a desmentir esta explicaci\u00f3n.<\/p>\n<p>\u201cPodemos demostrar que nuestros salarios no inciden en m\u00e1s del 20% en el costo laboral. De hecho, entre junio y octubre tuvimos un aumento del 23% y hab\u00edamos acordado otro 13% en enero, pero el mismo gobierno no lo homolog\u00f3 y creo que ninguna empresa lo est\u00e1 pagando\u201d,\u00a0secretario adjunto de Atilra (Asociaci\u00f3n de Trabajadores de la Industria Lechera de la Rep\u00fablica Argentina).<\/p>\n<p>Ahora, Brinkmann teme convertirse en un pueblo fantasma.<\/p>\n<\/div>\n<\/div>\n<\/div>\n<\/div>\n","protected":false},"excerpt":{"rendered":"<p>El 15 de agosto de 2014, la localidad cordobesa de Brinkmann festejaba convertirse en ciudad, al superar los 10 mil<\/p>\n","protected":false},"author":1,"featured_media":6701,"comment_status":"closed","ping_status":"closed","sticky":false,"template":"","format":"standard","meta":{"kia_subtitle":"","footnotes":"","jetpack_publicize_message":"","jetpack_publicize_feature_enabled":true,"jetpack_social_post_already_shared":true,"jetpack_social_options":{"image_generator_settings":{"template":"highway","default_image_id":0,"font":"","enabled":false},"version":2}},"categories":[3,41],"tags":[],"class_list":["post-6700","post","type-post","status-publish","format-standard","has-post-thumbnail","hentry","category-actualidad","category-nacionales"],"jetpack_publicize_connections":[],"jetpack_featured_media_url":"https:\/\/laurbedigital.com.ar\/noticias\/wp-content\/uploads\/2017\/03\/20170311-nac2.jpg","_links":{"self":[{"href":"https:\/\/laurbedigital.com.ar\/noticias\/wp-json\/wp\/v2\/posts\/6700","targetHints":{"allow":["GET"]}}],"collection":[{"href":"https:\/\/laurbedigital.com.ar\/noticias\/wp-json\/wp\/v2\/posts"}],"about":[{"href":"https:\/\/laurbedigital.com.ar\/noticias\/wp-json\/wp\/v2\/types\/post"}],"author":[{"embeddable":true,"href":"https:\/\/laurbedigital.com.ar\/noticias\/wp-json\/wp\/v2\/users\/1"}],"replies":[{"embeddable":true,"href":"https:\/\/laurbedigital.com.ar\/noticias\/wp-json\/wp\/v2\/comments?post=6700"}],"version-history":[{"count":1,"href":"https:\/\/laurbedigital.com.ar\/noticias\/wp-json\/wp\/v2\/posts\/6700\/revisions"}],"predecessor-version":[{"id":6702,"href":"https:\/\/laurbedigital.com.ar\/noticias\/wp-json\/wp\/v2\/posts\/6700\/revisions\/6702"}],"wp:featuredmedia":[{"embeddable":true,"href":"https:\/\/laurbedigital.com.ar\/noticias\/wp-json\/wp\/v2\/media\/6701"}],"wp:attachment":[{"href":"https:\/\/laurbedigital.com.ar\/noticias\/wp-json\/wp\/v2\/media?parent=6700"}],"wp:term":[{"taxonomy":"category","embeddable":true,"href":"https:\/\/laurbedigital.com.ar\/noticias\/wp-json\/wp\/v2\/categories?post=6700"},{"taxonomy":"post_tag","embeddable":true,"href":"https:\/\/laurbedigital.com.ar\/noticias\/wp-json\/wp\/v2\/tags?post=6700"}],"curies":[{"name":"wp","href":"https:\/\/api.w.org\/{rel}","templated":true}]}}