{"id":66556,"date":"2021-12-07T11:18:19","date_gmt":"2021-12-07T14:18:19","guid":{"rendered":"https:\/\/laurbedigital.com.ar\/noticias\/?p=66556"},"modified":"2021-12-07T11:18:19","modified_gmt":"2021-12-07T14:18:19","slug":"el-municipio-puso-en-marcha-el-censo-del-arbolado-publico-de-almirante-brown","status":"publish","type":"post","link":"https:\/\/laurbedigital.com.ar\/noticias\/2021\/12\/07\/el-municipio-puso-en-marcha-el-censo-del-arbolado-publico-de-almirante-brown\/","title":{"rendered":"El Municipio puso en marcha el censo\u00a0del arbolado p\u00fablico de Almirante Brown"},"content":{"rendered":"<div>\n<p>&nbsp;<\/p>\n<h5>El Municipio de Almirante Brown ya lleva a cabo el primer censo del arbolado p\u00fablico de nuestro distrito, realizado a trav\u00e9s de una aplicaci\u00f3n m\u00f3vil propia administrada por un equipo de promotores ambientales junto a alumnos e integrantes de la Facultad de Ciencias Agrarias de la Universidad Nacional de Lomas de Zamora (UNLZ).<\/h5>\n<p>El primer punto a censar fue la Plaza Brown en el marco de un trabajo que se extender\u00e1 a cada rinc\u00f3n del distrito utilizando como principal herramienta la aplicaci\u00f3n <strong>\u201cBrown App\u201d<\/strong>, con el objetivo de recolectar datos cuanti y cualitativos del arbolado urbano y su interacci\u00f3n con el entorno inmediato para avanzar en la ejecuci\u00f3n de distintas l\u00edneas de trabajo que tendr\u00e1n como finalidad principal la preservaci\u00f3n del patrimonio forestal.<\/p>\n<p><img loading=\"lazy\" decoding=\"async\" class=\" wp-image-66560 alignright\" src=\"https:\/\/laurbedigital.com.ar\/noticias\/wp-content\/uploads\/2021\/12\/20211207-Brown-Arboleda3-300x167.jpg\" alt=\"\" width=\"386\" height=\"215\" title=\"\" srcset=\"https:\/\/laurbedigital.com.ar\/noticias\/wp-content\/uploads\/2021\/12\/20211207-Brown-Arboleda3-300x167.jpg 300w, https:\/\/laurbedigital.com.ar\/noticias\/wp-content\/uploads\/2021\/12\/20211207-Brown-Arboleda3.jpg 768w\" sizes=\"auto, (max-width: 386px) 100vw, 386px\" \/>En este sentido, la coordinadora de Arbolado local, Cristina Vydareny, destac\u00f3 que la aplicaci\u00f3n <strong>\u201ccreada \u00edntegramente por el Municipio ser\u00e1 la herramienta fundamental para que el equipo recolecte los datos de todos los \u00e1rboles\u201d,<\/strong> al tiempo que subray\u00f3 que este \u201cavance significa una mejora trascendental porque se crear\u00e1 un registro y una base de datos con todas las especies del distrito, para planificar en detalle la forestaci\u00f3n y anticiparse a cualquier emergencia\u201d.<\/p>\n<p>Cabe destacar que la Comuna lleva adelante tambi\u00e9n un completo plan de forestaci\u00f3n para potenciar el pulm\u00f3n verde que significa Almirante Brown para el conurbano bonaerense, en el que desde 2018 ya se plantaron m\u00e1s de 3200 especies.<\/p>\n<p>De la jornada inicial participaron un equipo de 20 personas integrados por estudiantes de la Facultad de Ciencias Agrarias de la UNLZ y promotores ambientales locales, adem\u00e1s del secretario de Pol\u00edtica Ambiental y H\u00e1bitat, Ignacio Villaronga, y la subsecretaria de Gesti\u00f3n Urbana, Carla Ortwein. El intendente interno browniano, Juan Fabiani, ratific\u00f3 la decisi\u00f3n de <strong>\u00abcontinuar trabajando muy fuerte para potenciar a nuestro distrito como pulm\u00f3n verde\u00bb<\/strong> de la regi\u00f3n.<\/p>\n<p><img loading=\"lazy\" decoding=\"async\" class=\"alignnone wp-image-66558 size-full\" src=\"https:\/\/laurbedigital.com.ar\/noticias\/wp-content\/uploads\/2021\/12\/20211207-Brown-Arboleda1.jpg\" alt=\"\" width=\"768\" height=\"428\" title=\"\" srcset=\"https:\/\/laurbedigital.com.ar\/noticias\/wp-content\/uploads\/2021\/12\/20211207-Brown-Arboleda1.jpg 768w, https:\/\/laurbedigital.com.ar\/noticias\/wp-content\/uploads\/2021\/12\/20211207-Brown-Arboleda1-300x167.jpg 300w\" sizes=\"auto, (max-width: 768px) 100vw, 768px\" \/><\/p>\n<p><b>La aplicaci\u00f3n y el\u00a0censo<\/b><\/p>\n<p>El objetivo del\u00a0\u00abCenso\u00a0de Arbolado Urbano\u00bb\u00a0es adquirir el conocimiento cuali y cuantitativo de las especies arb\u00f3reas del distrito utilizando como \u00fanica herramienta la aplicaci\u00f3n \u201cBrown App\u201d, impulsada gracias al trabajo conjunto entre las secretar\u00edas General, de Gesti\u00f3n Descentralizada y de Pol\u00edtica Ambiental y H\u00e1bitat.<\/p>\n<p>El equipo que llevar\u00e1 adelante el registro de las especies cuenta con un usuario y contrase\u00f1a individual para ingresar a la Brown App, desde la cual con un sistema de geolocalizaci\u00f3n se puede observar la ubicaci\u00f3n actual en un mapa en el que se marcan todos los \u00e1rboles relevados y por relevar.<\/p>\n<p><img loading=\"lazy\" decoding=\"async\" class=\"alignnone wp-image-66559 size-full\" src=\"https:\/\/laurbedigital.com.ar\/noticias\/wp-content\/uploads\/2021\/12\/20211207-Brown-Arboleda2.jpg\" alt=\"\" width=\"768\" height=\"428\" title=\"\" srcset=\"https:\/\/laurbedigital.com.ar\/noticias\/wp-content\/uploads\/2021\/12\/20211207-Brown-Arboleda2.jpg 768w, https:\/\/laurbedigital.com.ar\/noticias\/wp-content\/uploads\/2021\/12\/20211207-Brown-Arboleda2-300x167.jpg 300w\" sizes=\"auto, (max-width: 768px) 100vw, 768px\" \/><\/p>\n<p>Con esa interfaz, el equipo de trabajo recorre las distintas calles para registrar la informaci\u00f3n de los \u00e1rboles seleccionando la ubicaci\u00f3n en el mapa, especificando la direcci\u00f3n en la que se encuentra, su especie, el estado en el que se encuentra y tambi\u00e9n el tama\u00f1o del mismo, adem\u00e1s de otras precisiones m\u00e1s t\u00e9cnicas.<\/p>\n<p>Toda esa informaci\u00f3n que se va registrando se visualiza desde una plataforma SIG\/GIS desde la cual se puede analizar esa base de datos y generar, posteriormente, pol\u00edticas y abordajes de acci\u00f3n, como por ejemplo el retiro de ejemplares en riesgo, evaluaci\u00f3n de calles para el despeje de luminarias y servicios y tambi\u00e9n hacer un seguimiento del impacto inmediato de la forestaci\u00f3n.<\/p>\n<p>Tambi\u00e9n programar el retiro de ejemplares que hayan cumplido su ciclo biol\u00f3gico y planificar su reposici\u00f3n, realizar un relevamiento para la forestaci\u00f3n de barrios que est\u00e1n en desarrollo, regular las especies aptas para plantar seg\u00fan la diversidad de la zona, identificar pulmones verdes para su protecci\u00f3n de patrimonio forestal y actualizar el Atlas Ambiental local.<\/p>\n<\/div>\n<div class=\"yj6qo\"><\/div>\n<div class=\"adL\"><\/div>\n","protected":false},"excerpt":{"rendered":"<p>&nbsp; El Municipio de Almirante Brown ya lleva a cabo el primer censo del arbolado p\u00fablico de nuestro distrito, realizado<\/p>\n","protected":false},"author":1,"featured_media":66557,"comment_status":"closed","ping_status":"closed","sticky":false,"template":"","format":"standard","meta":{"kia_subtitle":"","footnotes":"","jetpack_publicize_message":"","jetpack_publicize_feature_enabled":true,"jetpack_social_post_already_shared":true,"jetpack_social_options":{"image_generator_settings":{"template":"highway","default_image_id":0,"font":"","enabled":false},"version":2}},"categories":[2,33],"tags":[],"class_list":["post-66556","post","type-post","status-publish","format-standard","has-post-thumbnail","hentry","category-alte-brown","category-alte-brown-alte-brown"],"jetpack_publicize_connections":[],"jetpack_featured_media_url":"https:\/\/laurbedigital.com.ar\/noticias\/wp-content\/uploads\/2021\/12\/20211207-Brown-Arboleda.jpg","_links":{"self":[{"href":"https:\/\/laurbedigital.com.ar\/noticias\/wp-json\/wp\/v2\/posts\/66556","targetHints":{"allow":["GET"]}}],"collection":[{"href":"https:\/\/laurbedigital.com.ar\/noticias\/wp-json\/wp\/v2\/posts"}],"about":[{"href":"https:\/\/laurbedigital.com.ar\/noticias\/wp-json\/wp\/v2\/types\/post"}],"author":[{"embeddable":true,"href":"https:\/\/laurbedigital.com.ar\/noticias\/wp-json\/wp\/v2\/users\/1"}],"replies":[{"embeddable":true,"href":"https:\/\/laurbedigital.com.ar\/noticias\/wp-json\/wp\/v2\/comments?post=66556"}],"version-history":[{"count":2,"href":"https:\/\/laurbedigital.com.ar\/noticias\/wp-json\/wp\/v2\/posts\/66556\/revisions"}],"predecessor-version":[{"id":66562,"href":"https:\/\/laurbedigital.com.ar\/noticias\/wp-json\/wp\/v2\/posts\/66556\/revisions\/66562"}],"wp:featuredmedia":[{"embeddable":true,"href":"https:\/\/laurbedigital.com.ar\/noticias\/wp-json\/wp\/v2\/media\/66557"}],"wp:attachment":[{"href":"https:\/\/laurbedigital.com.ar\/noticias\/wp-json\/wp\/v2\/media?parent=66556"}],"wp:term":[{"taxonomy":"category","embeddable":true,"href":"https:\/\/laurbedigital.com.ar\/noticias\/wp-json\/wp\/v2\/categories?post=66556"},{"taxonomy":"post_tag","embeddable":true,"href":"https:\/\/laurbedigital.com.ar\/noticias\/wp-json\/wp\/v2\/tags?post=66556"}],"curies":[{"name":"wp","href":"https:\/\/api.w.org\/{rel}","templated":true}]}}