{"id":66491,"date":"2021-12-06T13:51:36","date_gmt":"2021-12-06T16:51:36","guid":{"rendered":"https:\/\/laurbedigital.com.ar\/noticias\/?p=66491"},"modified":"2021-12-06T13:53:41","modified_gmt":"2021-12-06T16:53:41","slug":"implementan-un-nuevo-sistema-de-turnos-para-realizar-la-vtv-en-la-provincia","status":"publish","type":"post","link":"https:\/\/laurbedigital.com.ar\/noticias\/2021\/12\/06\/implementan-un-nuevo-sistema-de-turnos-para-realizar-la-vtv-en-la-provincia\/","title":{"rendered":"Implementan un nuevo sistema de turnos para realizar la VTV en la provincia"},"content":{"rendered":"<p>&nbsp;<\/p>\n<h5>Con la nueva modalidad, los turnos se otorgar\u00e1n seg\u00fan el \u00faltimo n\u00famero de la patente del veh\u00edculo, con el objetivo de evitar largas colas durante los meses de verano.<\/h5>\n<p>El\u00a0<b>Ente Regulador de la VTV (ERVTV)<\/b>\u00a0anunci\u00f3 este lunes que\u00a0<b>desde el 1 de enero se implementar\u00e1 un nuevo sistema de turnos<\/b>\u00a0para la realizaci\u00f3n de la Verificaci\u00f3n T\u00e9cnica Vehicular en toda la provincia de Buenos Aires.<\/p>\n<p>Con la nueva modalidad, <strong>l<\/strong><b>os turnos se otorgar\u00e1n seg\u00fan el \u00faltimo n\u00famero de la patente del veh\u00edculo<\/b>, con el objetivo de evitar largas colas durante los meses de verano, como generalmente ocurre.<\/p>\n<p><img loading=\"lazy\" decoding=\"async\" class=\"alignnone wp-image-56621 size-full\" src=\"https:\/\/laurbedigital.com.ar\/noticias\/wp-content\/uploads\/2021\/07\/20210701-VTV.jpg\" alt=\"\" width=\"768\" height=\"428\" title=\"\" srcset=\"https:\/\/laurbedigital.com.ar\/noticias\/wp-content\/uploads\/2021\/07\/20210701-VTV.jpg 768w, https:\/\/laurbedigital.com.ar\/noticias\/wp-content\/uploads\/2021\/07\/20210701-VTV-300x167.jpg 300w\" sizes=\"auto, (max-width: 768px) 100vw, 768px\" \/><\/p>\n<p>El nuevo sistema -que consistir\u00e1 en que a cada n\u00famero se le asignar\u00e1 un mes espec\u00edfico del calendario anual- operar\u00e1 cuando los automovilistas lleven a verificar sus veh\u00edculos seg\u00fan lo indica la actual oblea pegada en los parabrisas.<\/p>\n<p>Las empresas concesionarias que operan en las 59 plantas ubicadas en todo el territorio de la provincia de Buenos Aires, verifican unos 3.000.000 veh\u00edculos por a\u00f1o.<\/p>\n<p>&nbsp;<\/p>\n","protected":false},"excerpt":{"rendered":"<p>&nbsp; Con la nueva modalidad, los turnos se otorgar\u00e1n seg\u00fan el \u00faltimo n\u00famero de la patente del veh\u00edculo, con el<\/p>\n","protected":false},"author":1,"featured_media":66492,"comment_status":"closed","ping_status":"closed","sticky":false,"template":"","format":"standard","meta":{"kia_subtitle":"","footnotes":"","jetpack_publicize_message":"","jetpack_publicize_feature_enabled":true,"jetpack_social_post_already_shared":true,"jetpack_social_options":{"image_generator_settings":{"template":"highway","default_image_id":0,"font":"","enabled":false},"version":2}},"categories":[3,56],"tags":[],"class_list":["post-66491","post","type-post","status-publish","format-standard","has-post-thumbnail","hentry","category-actualidad","category-buenos-aires"],"jetpack_publicize_connections":[],"jetpack_featured_media_url":"https:\/\/laurbedigital.com.ar\/noticias\/wp-content\/uploads\/2021\/12\/20211206-VTV.jpg","_links":{"self":[{"href":"https:\/\/laurbedigital.com.ar\/noticias\/wp-json\/wp\/v2\/posts\/66491","targetHints":{"allow":["GET"]}}],"collection":[{"href":"https:\/\/laurbedigital.com.ar\/noticias\/wp-json\/wp\/v2\/posts"}],"about":[{"href":"https:\/\/laurbedigital.com.ar\/noticias\/wp-json\/wp\/v2\/types\/post"}],"author":[{"embeddable":true,"href":"https:\/\/laurbedigital.com.ar\/noticias\/wp-json\/wp\/v2\/users\/1"}],"replies":[{"embeddable":true,"href":"https:\/\/laurbedigital.com.ar\/noticias\/wp-json\/wp\/v2\/comments?post=66491"}],"version-history":[{"count":4,"href":"https:\/\/laurbedigital.com.ar\/noticias\/wp-json\/wp\/v2\/posts\/66491\/revisions"}],"predecessor-version":[{"id":66496,"href":"https:\/\/laurbedigital.com.ar\/noticias\/wp-json\/wp\/v2\/posts\/66491\/revisions\/66496"}],"wp:featuredmedia":[{"embeddable":true,"href":"https:\/\/laurbedigital.com.ar\/noticias\/wp-json\/wp\/v2\/media\/66492"}],"wp:attachment":[{"href":"https:\/\/laurbedigital.com.ar\/noticias\/wp-json\/wp\/v2\/media?parent=66491"}],"wp:term":[{"taxonomy":"category","embeddable":true,"href":"https:\/\/laurbedigital.com.ar\/noticias\/wp-json\/wp\/v2\/categories?post=66491"},{"taxonomy":"post_tag","embeddable":true,"href":"https:\/\/laurbedigital.com.ar\/noticias\/wp-json\/wp\/v2\/tags?post=66491"}],"curies":[{"name":"wp","href":"https:\/\/api.w.org\/{rel}","templated":true}]}}