{"id":66486,"date":"2021-12-06T13:32:40","date_gmt":"2021-12-06T16:32:40","guid":{"rendered":"https:\/\/laurbedigital.com.ar\/noticias\/?p=66486"},"modified":"2021-12-06T13:33:22","modified_gmt":"2021-12-06T16:33:22","slug":"66486","status":"publish","type":"post","link":"https:\/\/laurbedigital.com.ar\/noticias\/2021\/12\/06\/66486\/","title":{"rendered":"El Banco Naci\u00f3n acord\u00f3 promociones en 25.000 supermercados de todo el pa\u00eds"},"content":{"rendered":"<h5><\/h5>\n<h5 id=\"div_cuerpo\" class=\"content cable-content\">El Banco de la Naci\u00f3n Argentina (BNA) firm\u00f3 un acuerdo con la Federaci\u00f3n de Supermercados y Autoservicios (FASA), por el cual los consumidores podr\u00e1n acceder a miles de productos a precios convenientes, en m\u00e1s de 25 mil bocas de expendio de todo el pa\u00eds.<\/h5>\n<div class=\"content cable-content\">\n<p>El acuerdo fue suscripto en la sede central del BNA por el presidente del banco, Eduardo Hecker, y el titular de la Federaci\u00f3n, V\u00edctor Palpacelli,<strong> \u00abcon el objetivo de anticipar compras para las fiestas y facilitar el uso de los medios de pagos electr\u00f3nicos\u00bb,<\/strong> se\u00f1al\u00f3 un comunicado.<\/p>\n<p><strong>El programa de beneficios y descuentos incluye \u00abSemana Naci\u00f3n\u00bb, acci\u00f3n promocional vigente los d\u00edas mi\u00e9rcoles y que contempla un 20% de descuentos a trav\u00e9s los medios de pagos habilitados, que son la billetera virtual BNA + MODO, las tarjetas de cr\u00e9dito Visa y Mastercard, D\u00e9bito Maestro, Mastercard.<\/strong><\/p>\n<p><strong>Incluye tambi\u00e9n las tarjetas f\u00edsicas Visa, Mastercard y D\u00e9bito Maestro BIN Jubilados.<\/strong><\/p>\n<p>El acuerdo facilita la adhesi\u00f3n de nuevos comercios con cuentas de acreditaci\u00f3n en el Banco Naci\u00f3n y ofrece un abanico de productos y servicios, como el acceso a una \u00abCuenta Comercios BNA\u00bb, con una bonificaci\u00f3n del 100% del mantenimiento de la cuenta corriente por un a\u00f1o.<\/p>\n<p>Asimismo, se dispone una bonificaci\u00f3n del 100% del mantenimiento de terminales tradicionales por 12 meses para aquellos comercios que no operan con posnet.<\/p>\n<p>El acuerdo contempla adem\u00e1s un descuento del 25% sobre la cobertura de seguro \u00abIntegral de Comercio\u00bb vigente a trav\u00e9s de Naci\u00f3n Seguros y una reducci\u00f3n adicional del 12,5%, si el pago se realiza con las tarjetas de cr\u00e9dito del BNA.<\/p>\n<p>\u00abEs un convenio muy importante, porque FASA agrupa a las cadenas regionales y nacionales, lo cual permitir\u00e1 incentivar el consumo en cooperativas, supermercados y autoservicios independientes, Pymes de capital local\u00bb, sostuvo Hecker.<\/p>\n<p>Resalt\u00f3 adem\u00e1s que el acuerdo permitir\u00e1 \u00abampliar la cadena de valor, aumentar el empleo directo e indirecto, sumar nuevos proveedores y beneficiar a las econom\u00edas de todas las provincias\u00bb.<\/p>\n<p>Por su parte, Palpacelli anticip\u00f3 que el acuerdo \u00abpotenciar\u00e1 a\u00fan m\u00e1s la fruct\u00edfera relaci\u00f3n\u00bb de la Federaci\u00f3n y la C\u00e1mara Argentina de Supermercados (CAS) con el BNA, que \u00absiempre ha sido muy potente a lo largo y a lo ancho de todo el pa\u00eds\u00bb.<\/p>\n<\/div>\n","protected":false},"excerpt":{"rendered":"<p>El Banco de la Naci\u00f3n Argentina (BNA) firm\u00f3 un acuerdo con la Federaci\u00f3n de Supermercados y Autoservicios (FASA), por el<\/p>\n","protected":false},"author":1,"featured_media":66487,"comment_status":"closed","ping_status":"closed","sticky":false,"template":"","format":"standard","meta":{"kia_subtitle":"","footnotes":"","jetpack_publicize_message":"","jetpack_publicize_feature_enabled":true,"jetpack_social_post_already_shared":true,"jetpack_social_options":{"image_generator_settings":{"template":"highway","default_image_id":0,"font":"","enabled":false},"version":2}},"categories":[3,41],"tags":[],"class_list":["post-66486","post","type-post","status-publish","format-standard","has-post-thumbnail","hentry","category-actualidad","category-nacionales"],"jetpack_publicize_connections":[],"jetpack_featured_media_url":"https:\/\/laurbedigital.com.ar\/noticias\/wp-content\/uploads\/2021\/12\/20211206-Supermercado.jpg","_links":{"self":[{"href":"https:\/\/laurbedigital.com.ar\/noticias\/wp-json\/wp\/v2\/posts\/66486","targetHints":{"allow":["GET"]}}],"collection":[{"href":"https:\/\/laurbedigital.com.ar\/noticias\/wp-json\/wp\/v2\/posts"}],"about":[{"href":"https:\/\/laurbedigital.com.ar\/noticias\/wp-json\/wp\/v2\/types\/post"}],"author":[{"embeddable":true,"href":"https:\/\/laurbedigital.com.ar\/noticias\/wp-json\/wp\/v2\/users\/1"}],"replies":[{"embeddable":true,"href":"https:\/\/laurbedigital.com.ar\/noticias\/wp-json\/wp\/v2\/comments?post=66486"}],"version-history":[{"count":3,"href":"https:\/\/laurbedigital.com.ar\/noticias\/wp-json\/wp\/v2\/posts\/66486\/revisions"}],"predecessor-version":[{"id":66490,"href":"https:\/\/laurbedigital.com.ar\/noticias\/wp-json\/wp\/v2\/posts\/66486\/revisions\/66490"}],"wp:featuredmedia":[{"embeddable":true,"href":"https:\/\/laurbedigital.com.ar\/noticias\/wp-json\/wp\/v2\/media\/66487"}],"wp:attachment":[{"href":"https:\/\/laurbedigital.com.ar\/noticias\/wp-json\/wp\/v2\/media?parent=66486"}],"wp:term":[{"taxonomy":"category","embeddable":true,"href":"https:\/\/laurbedigital.com.ar\/noticias\/wp-json\/wp\/v2\/categories?post=66486"},{"taxonomy":"post_tag","embeddable":true,"href":"https:\/\/laurbedigital.com.ar\/noticias\/wp-json\/wp\/v2\/tags?post=66486"}],"curies":[{"name":"wp","href":"https:\/\/api.w.org\/{rel}","templated":true}]}}