{"id":66483,"date":"2021-12-06T13:12:49","date_gmt":"2021-12-06T16:12:49","guid":{"rendered":"https:\/\/laurbedigital.com.ar\/noticias\/?p=66483"},"modified":"2021-12-06T13:12:49","modified_gmt":"2021-12-06T16:12:49","slug":"vizzotti-hay-perspectivas-optimistas-de-que-omicron-no-genere-un-problema-para-la-salud-publica","status":"publish","type":"post","link":"https:\/\/laurbedigital.com.ar\/noticias\/2021\/12\/06\/vizzotti-hay-perspectivas-optimistas-de-que-omicron-no-genere-un-problema-para-la-salud-publica\/","title":{"rendered":"Vizzotti: \u00abHay perspectivas optimistas de que \u00d3micron no genere un problema para la salud p\u00fablica\u00bb"},"content":{"rendered":"<h5><\/h5>\n<h5 id=\"div_cuerpo\" class=\"content cable-content\">La ministra de Salud, Carla Vizzotti, sostuvo hoy que \u00abhay perspectivas optimistas de que la variante de coronavirus \u00d3micron, aunque sea muy transmisible, no genere un problema para la salud p\u00fablica\u00bb, luego de que anoche se confirmara el primer caso de un hombre de 38 a\u00f1os, residente de San Luis, que regres\u00f3 de un viaje laboral que realiz\u00f3 en Sud\u00e1frica.<\/h5>\n<div class=\"content cable-content\">Sobre dicho paciente, Vizzotti especific\u00f3 que<strong> \u00abel hombre estaba aislado en su casa, y en el momento que le avisaron (que hab\u00eda estado con personas que ten\u00edan diagn\u00f3stico de Covid en Sud\u00e1frica) se acerc\u00f3 al sistema de Salud de San Luis que tambi\u00e9n reaccion\u00f3 r\u00e1pidamente; est\u00e1 asintom\u00e1tico, con dos vacunas y con antecedente de Covid-19 en marzo de este a\u00f1o\u00bb.<\/strong><\/p>\n<p><strong>\u00abEn cualquier momento pod\u00eda entrar la Omicr\u00f3n, porque la movilidad global, si bien no est\u00e1 normalizada, est\u00e1 en proceso de aumento; algunos pa\u00edses comenzaron a secuenciar en forma retrospectiva y encontraron la variante desde antes que se detectara en Sud\u00e1frica, as\u00ed que es posible que sean m\u00e1s pa\u00edses los que ya la tienen y que no lo sepan\u00bb,<\/strong> dijo la funcionaria en declaraciones a radio Futurock.<\/p>\n<p>No obstante, y frente a la alta tasa de vacunaci\u00f3n de la Argentina, Vizzotti sostuvo que<strong> \u00abhay perspectivas optimistas de que la variante \u00d3micron, aunque sea muy transmisible, no genere un problema para la salud p\u00fablica; eso es lo que buscamos, no buscamos que no haya casos, sino que sean lo m\u00e1s leves posibles\u00bb.<\/strong><\/p>\n<p>En relaci\u00f3n a las caracter\u00edsticas de la nueva variante, la ministra se\u00f1al\u00f3 que <strong>\u201csi bien tiene m\u00e1s mutaciones -incluso que Delta- en un \u00e1rea relevante del virus, hasta ahora no estamos viendo que eso impacte en tener una enfermedad m\u00e1s grave o letal; y falta un par de semanas para ver si escapa o no a las vacunas\u201d.<\/strong><\/p>\n<p>No obstante, indic\u00f3 que <strong>\u201csiempre es mejor tener dos dosis frente a cualquier variante, y, por supuesto tener los refuerzos\u201d<\/strong> y a\u00f1adi\u00f3 que <strong>\u00absi pensamos la cantidad de personas que tuvieron Covid reportado, m\u00e1s los asintom\u00e1ticos, la mayor\u00eda de la poblaci\u00f3n vacunada ya tuvo contacto con el virus, lo que tambi\u00e9n refuerza su respuesta inmune\u00bb.<\/strong><\/div>\n<div><\/div>\n<div>\n<\/div>\n","protected":false},"excerpt":{"rendered":"<p>La ministra de Salud, Carla Vizzotti, sostuvo hoy que \u00abhay perspectivas optimistas de que la variante de coronavirus \u00d3micron, aunque<\/p>\n","protected":false},"author":1,"featured_media":65985,"comment_status":"closed","ping_status":"closed","sticky":false,"template":"","format":"standard","meta":{"kia_subtitle":"","footnotes":"","jetpack_publicize_message":"","jetpack_publicize_feature_enabled":true,"jetpack_social_post_already_shared":true,"jetpack_social_options":{"image_generator_settings":{"template":"highway","default_image_id":0,"font":"","enabled":false},"version":2}},"categories":[3,41],"tags":[],"class_list":["post-66483","post","type-post","status-publish","format-standard","has-post-thumbnail","hentry","category-actualidad","category-nacionales"],"jetpack_publicize_connections":[],"jetpack_featured_media_url":"https:\/\/laurbedigital.com.ar\/noticias\/wp-content\/uploads\/2021\/11\/20211126-Carla-Vizzotti.jpg","_links":{"self":[{"href":"https:\/\/laurbedigital.com.ar\/noticias\/wp-json\/wp\/v2\/posts\/66483","targetHints":{"allow":["GET"]}}],"collection":[{"href":"https:\/\/laurbedigital.com.ar\/noticias\/wp-json\/wp\/v2\/posts"}],"about":[{"href":"https:\/\/laurbedigital.com.ar\/noticias\/wp-json\/wp\/v2\/types\/post"}],"author":[{"embeddable":true,"href":"https:\/\/laurbedigital.com.ar\/noticias\/wp-json\/wp\/v2\/users\/1"}],"replies":[{"embeddable":true,"href":"https:\/\/laurbedigital.com.ar\/noticias\/wp-json\/wp\/v2\/comments?post=66483"}],"version-history":[{"count":2,"href":"https:\/\/laurbedigital.com.ar\/noticias\/wp-json\/wp\/v2\/posts\/66483\/revisions"}],"predecessor-version":[{"id":66485,"href":"https:\/\/laurbedigital.com.ar\/noticias\/wp-json\/wp\/v2\/posts\/66483\/revisions\/66485"}],"wp:featuredmedia":[{"embeddable":true,"href":"https:\/\/laurbedigital.com.ar\/noticias\/wp-json\/wp\/v2\/media\/65985"}],"wp:attachment":[{"href":"https:\/\/laurbedigital.com.ar\/noticias\/wp-json\/wp\/v2\/media?parent=66483"}],"wp:term":[{"taxonomy":"category","embeddable":true,"href":"https:\/\/laurbedigital.com.ar\/noticias\/wp-json\/wp\/v2\/categories?post=66483"},{"taxonomy":"post_tag","embeddable":true,"href":"https:\/\/laurbedigital.com.ar\/noticias\/wp-json\/wp\/v2\/tags?post=66483"}],"curies":[{"name":"wp","href":"https:\/\/api.w.org\/{rel}","templated":true}]}}