{"id":66470,"date":"2021-12-06T11:08:25","date_gmt":"2021-12-06T14:08:25","guid":{"rendered":"https:\/\/laurbedigital.com.ar\/noticias\/?p=66470"},"modified":"2021-12-06T11:09:12","modified_gmt":"2021-12-06T14:09:12","slug":"lo-que-se-sabe-y-lo-que-aun-no-se-sabe-de-la-nueva-variante","status":"publish","type":"post","link":"https:\/\/laurbedigital.com.ar\/noticias\/2021\/12\/06\/lo-que-se-sabe-y-lo-que-aun-no-se-sabe-de-la-nueva-variante\/","title":{"rendered":"Lo que se sabe y lo que a\u00fan no se sabe de la nueva variante \u00d3micron"},"content":{"rendered":"<h5><\/h5>\n<h5 id=\"div_cuerpo\" class=\"content cable-content\">La nueva variante de coronavirus \u00d3micron fue presentada el 25 de noviembre, al detallarse la secuenciaci\u00f3n de m\u00e1s de una decena de genomas en los que se observaron m\u00e1s de 50 mutaciones, 33 de ellas en la prote\u00edna Spike (la que utiliza el virus para ingresar a las c\u00e9lulas) y al d\u00eda siguiente fue llamada con ese nombre y declarada \u00abvariante de preocupaci\u00f3n\u00bb (VOC, en ingl\u00e9s).<\/h5>\n<div class=\"content cable-content\">\n<p><strong>Las siguientes son algunas claves de la informaci\u00f3n disponible hasta el momento de la enfermedad:<\/strong><\/p>\n<p><strong>-\u00bfPor qu\u00e9 fue designada como variante de preocupaci\u00f3n?<\/strong><\/p>\n<p>La OPS\/OMS detall\u00f3 que \u00abel incremento considerable de la detecci\u00f3n de casos sospechosos (con base en la falla de detecci\u00f3n del gen S en algunos protocolos de RT-PCR) de la variante B.1.1.529 en Sud\u00e1frica, pa\u00eds que ha notificado el primer caso en una muestra tomada el 9 de noviembre de 2021 e identificada el 24 de noviembre, ha llevado a OMS a tomar la decisi\u00f3n de designarla como VOC como una medida de precauci\u00f3n\u00bb.<\/p>\n<p><strong>-\u00bfHay m\u00e1s posibilidades de reinfecci\u00f3n por esta variante?<\/strong><\/p>\n<p>Hasta el momento se habla de un \u00abpotencial riesgo\u00bb, pero no hay otras certezas. En el primer \u00abpreprint\u00bb (estudio cient\u00edfico que todav\u00eda no fue revisado por pares) sobre \u00d3micron publicado el 2 de diciembre indic\u00f3 que se detectaron 35 mil reinfecciones sobre 2,8 millones de casos y se concluy\u00f3 que es 2.4 veces m\u00e1s probable reinfectarse con \u00d3micron que con el virus original de Wuhan. \u00abEl estudio tiene limitaciones\u00bb, explic\u00f3 el vir\u00f3logo Humberto Debat a T\u00e9lam, al no desglosar la poblaci\u00f3n vacunada. \u00abPero es muy numeroso. Si esto fuera as\u00ed, ser\u00eda un indicio de capacidad de evasi\u00f3n\u00bb, consider\u00f3.<\/p>\n<p><strong>-\u00bfEsta variante es detectada por las pruebas de PCR?<\/strong><\/p>\n<p>S\u00ed, \u00abhasta el momento, las pruebas de RT-PCR en tiempo real recomendadas para detectar el SARS-CoV-2 contin\u00faan detectando esta y todas las variantes\u00bb, afirm\u00f3 la OPS\/OMS.<\/p>\n<p><strong>-\u00bfSucede lo mismo con las pruebas de ant\u00edgeno?<\/strong><\/p>\n<p>Seg\u00fan la misma autoridad, \u00abal momento no existe evidencia para inferir que la sensibilidad y especificidad de las pruebas r\u00e1pidas de ant\u00edgeno ha cambiado. Sin embargo, se est\u00e1n realizando estudios adicionales para determinar cualquier posible impacto en el desempe\u00f1o\u00bb de estas pruebas.<\/p>\n<p><strong>-\u00bf\u00d3micron es m\u00e1s transmisible que otras variantes?<\/strong><\/p>\n<p>\u00abTodav\u00eda hay muchas inc\u00f3gnitas. No est\u00e1 claro si la variante \u00d3micron es m\u00e1s transmisible que otras variantes, o si causa una enfermedad m\u00e1s grave, pero los investigadores de todo el mundo est\u00e1n realizando estudios para comprender mejor esta variante\u00bb, declar\u00f3 la Directora de la Organizaci\u00f3n Panamericana de la Salud (OPS) y directora regional para las Am\u00e9ricas de la Organizaci\u00f3n Mundial de la Salud (OMS), Carissa F. Etienne, el 1 de diciembre.<\/p>\n<p>Aclar\u00f3 que \u00abtodav\u00eda no se ha aislado el virus para realizar pruebas de neutralizaci\u00f3n, y este proceso llevar\u00e1 alg\u00fan tiempo\u00bb, y sostuvo que, \u00abhasta que se completen estas pruebas y otros ensayos de laboratorio, no tendremos suficiente evidencia para determinar el grado de transmisibilidad o gravedad de la variante \u00d3micron\u00bb.<\/p>\n<p>\u00abSobre la contagiosidad tenemos evidencia circunstancial de c\u00f3mo se expandi\u00f3 sobre todo en la zona de Gauteng (la provincia sudafricana); pero a\u00fan no tenemos datos de otros lugares. Siempre est\u00e1 la posibilidad de que los compartimientos difieran por las caracter\u00edsticas de cada lugar\u00bb, explic\u00f3 a T\u00e9lam el bi\u00f3logo molecular y biotecn\u00f3logo argentino Ernesto Resnik.<\/p>\n<p><strong>-\u00bfSon eficaces las vacunas para esa variante?<\/strong><\/p>\n<p>\u00abTodas las vacunas utilizadas actualmente contin\u00faan previniendo con mucha eficacia los s\u00edntomas graves y la muerte por Covid-19\u00bb, asegur\u00f3 la OMS, a la par que explic\u00f3 que sigue trabajando para \u00abconocer los efectos\u00bb de esta variante en las medidas para combatir el coronavirus, incluyendo la vacunaci\u00f3n. Al respecto, Resnik dijo que, \u00aba priori, tiene una cantidad de mutaciones muy preocupantes, sobre todo en la prote\u00edna Spike, as\u00ed que esperamos que baje la inmunidad, pero, si esto ser\u00e1 as\u00ed y cu\u00e1nto, no se sabe a\u00fan\u00bb.<\/p>\n<p><strong>-\u00bfSon eficaces los tratamientos actuales?<\/strong><\/p>\n<p>\u00abLos corticosteroides y los antagonistas de los receptores de interleucina 6 seguir\u00e1n tratando eficazmente los cuadros graves de Covid-19\u00bb, asegur\u00f3 la OMS. Por los cambios que presenta en su estructura, se estudiar\u00e1 si los dem\u00e1s tratamientos contin\u00faan siendo eficaces.<\/p>\n<p><strong>-\u00bfQu\u00e9 medidas de protecci\u00f3n pueden tomarse?<\/strong><\/p>\n<p>Las mismas que con todas las variantes: vacunarse y reducir la exposici\u00f3n al virus. Esto se consigue con el uso de tapabocas, manteniendo la distancia f\u00edsica, lav\u00e1ndose las manos con frecuencia y evitando los espacios concurridos, sobre todo si son cerrados. Adem\u00e1s, hay que mantener los espacios interiores ventilados.<\/p>\n<p>\u00abCuanto m\u00e1s circule el virus causante de la Covid-19, m\u00e1s oportunidades habr\u00e1 de que sufra cambios y mute. Por eso es fundamental ampliar el acceso a las vacunas para todo el mundo\u00bb, subray\u00f3 la OMS.<\/p>\n<\/div>\n<div><\/div>\n<div><\/div>\n","protected":false},"excerpt":{"rendered":"<p>La nueva variante de coronavirus \u00d3micron fue presentada el 25 de noviembre, al detallarse la secuenciaci\u00f3n de m\u00e1s de una<\/p>\n","protected":false},"author":1,"featured_media":66471,"comment_status":"closed","ping_status":"closed","sticky":false,"template":"","format":"standard","meta":{"kia_subtitle":"","footnotes":"","jetpack_publicize_message":"","jetpack_publicize_feature_enabled":true,"jetpack_social_post_already_shared":true,"jetpack_social_options":{"image_generator_settings":{"template":"highway","default_image_id":0,"font":"","enabled":false},"version":2}},"categories":[15,70],"tags":[],"class_list":["post-66470","post","type-post","status-publish","format-standard","has-post-thumbnail","hentry","category-tendencias","category-salud"],"jetpack_publicize_connections":[],"jetpack_featured_media_url":"https:\/\/laurbedigital.com.ar\/noticias\/wp-content\/uploads\/2021\/12\/20211206-Omicron.jpg","_links":{"self":[{"href":"https:\/\/laurbedigital.com.ar\/noticias\/wp-json\/wp\/v2\/posts\/66470","targetHints":{"allow":["GET"]}}],"collection":[{"href":"https:\/\/laurbedigital.com.ar\/noticias\/wp-json\/wp\/v2\/posts"}],"about":[{"href":"https:\/\/laurbedigital.com.ar\/noticias\/wp-json\/wp\/v2\/types\/post"}],"author":[{"embeddable":true,"href":"https:\/\/laurbedigital.com.ar\/noticias\/wp-json\/wp\/v2\/users\/1"}],"replies":[{"embeddable":true,"href":"https:\/\/laurbedigital.com.ar\/noticias\/wp-json\/wp\/v2\/comments?post=66470"}],"version-history":[{"count":4,"href":"https:\/\/laurbedigital.com.ar\/noticias\/wp-json\/wp\/v2\/posts\/66470\/revisions"}],"predecessor-version":[{"id":66475,"href":"https:\/\/laurbedigital.com.ar\/noticias\/wp-json\/wp\/v2\/posts\/66470\/revisions\/66475"}],"wp:featuredmedia":[{"embeddable":true,"href":"https:\/\/laurbedigital.com.ar\/noticias\/wp-json\/wp\/v2\/media\/66471"}],"wp:attachment":[{"href":"https:\/\/laurbedigital.com.ar\/noticias\/wp-json\/wp\/v2\/media?parent=66470"}],"wp:term":[{"taxonomy":"category","embeddable":true,"href":"https:\/\/laurbedigital.com.ar\/noticias\/wp-json\/wp\/v2\/categories?post=66470"},{"taxonomy":"post_tag","embeddable":true,"href":"https:\/\/laurbedigital.com.ar\/noticias\/wp-json\/wp\/v2\/tags?post=66470"}],"curies":[{"name":"wp","href":"https:\/\/api.w.org\/{rel}","templated":true}]}}