{"id":66439,"date":"2021-12-05T16:37:06","date_gmt":"2021-12-05T19:37:06","guid":{"rendered":"https:\/\/laurbedigital.com.ar\/noticias\/?p=66439"},"modified":"2021-12-05T16:37:07","modified_gmt":"2021-12-05T19:37:07","slug":"la-plata-rescatan-a-una-mujer-y-su-hija-que-estaban-cautivas-desde-2018","status":"publish","type":"post","link":"https:\/\/laurbedigital.com.ar\/noticias\/2021\/12\/05\/la-plata-rescatan-a-una-mujer-y-su-hija-que-estaban-cautivas-desde-2018\/","title":{"rendered":"Rescataron a una mujer y a su hija de 14 a\u00f1os que estaban cautivas en la casa de un hombre desde 2018"},"content":{"rendered":"<p>&nbsp;<\/p>\n<h5>Las v\u00edctimas, oriundas de la ciudad de Mar del Plata, se encontraban en una precaria vivienda de un hombre que fue detenido.<\/h5>\n<p><strong>Una mujer de 38 a\u00f1os y su hija de 14 fueron rescatadas por efectivos de la Polic\u00eda Bonaerense tras permanecer cautivas desde 2018 en el domicilio de un hombre que qued\u00f3 detenido<\/strong>, en el partido bonaerense de La Plata, informaron fuentes de la fuerza.<\/p>\n<p><strong>Las v\u00edctimas, oriundas de la ciudad de Mar del Plata<\/strong>, se encontraban en una precaria vivienda ubicada el kil\u00f3metro 43,800 de la ruta 2, en la localidad platense de Abasto.<\/p>\n<p>Voceros de la fuerza informaron a t\u00e9lam que efectivos de la comisaria 7ma. de La Plata recibieron un alerta de los vecinos que indicaron que en ese lugar habr\u00eda dos mujeres privadas de su libertad.<\/p>\n<p>Ante esa situaci\u00f3n, los polic\u00edas se trasladaron hasta el lugar donde escucharon gritos de auxilio provenientes del interior de la casilla, por lo que allanaron el inmueble y hallaron a la mujer y su hija adolescente, quienes manifestaron esta privadas de la libertad desde 2018.<\/p>\n<p><img loading=\"lazy\" decoding=\"async\" class=\"alignnone size-full wp-image-66441\" src=\"https:\/\/laurbedigital.com.ar\/noticias\/wp-content\/uploads\/2021\/12\/20211205-Rescate1.jpg\" alt=\"\" width=\"768\" height=\"428\" title=\"\" srcset=\"https:\/\/laurbedigital.com.ar\/noticias\/wp-content\/uploads\/2021\/12\/20211205-Rescate1.jpg 768w, https:\/\/laurbedigital.com.ar\/noticias\/wp-content\/uploads\/2021\/12\/20211205-Rescate1-300x167.jpg 300w\" sizes=\"auto, (max-width: 768px) 100vw, 768px\" \/><\/p>\n<p>\u00ab<strong>La mujer hab\u00eda comenzado una relaci\u00f3n sentimental con un hombre a quien conoci\u00f3 por la red social Facebook; sin embargo hac\u00eda tiempo que quer\u00eda terminar la relaci\u00f3n, pero el acusado se negaba y no la dejaba ir, por lo que las manten\u00eda encerradas<\/strong>\u00ab, indic\u00f3 una fuente policial.<\/p>\n<p>\u00abNo la dejaba salir a la v\u00eda publica jam\u00e1s y solo lo hace una vez al mes para ir a cobrar, lo cual realizaba con compa\u00f1\u00eda del acusado\u00bb, agreg\u00f3 el vocero.<\/p>\n<p>Ante esta situaci\u00f3n,<strong>\u00a0los polic\u00edas detuvieron al sospechoso, de 47 a\u00f1os, quien qued\u00f3 acusado de \u00abprivaci\u00f3n ilegal de la libertad\u00bb y a disposici\u00f3n del personal de la Unidad Funcional de Instrucci\u00f3n (UFI) 7 del Departamento Judicial de La Plata.<\/strong><\/p>\n","protected":false},"excerpt":{"rendered":"<p>&nbsp; Las v\u00edctimas, oriundas de la ciudad de Mar del Plata, se encontraban en una precaria vivienda de un hombre<\/p>\n","protected":false},"author":1,"featured_media":66440,"comment_status":"closed","ping_status":"closed","sticky":false,"template":"","format":"standard","meta":{"kia_subtitle":"","footnotes":"","jetpack_publicize_message":"","jetpack_publicize_feature_enabled":true,"jetpack_social_post_already_shared":true,"jetpack_social_options":{"image_generator_settings":{"template":"highway","default_image_id":0,"font":"","enabled":false},"version":2}},"categories":[8],"tags":[],"class_list":["post-66439","post","type-post","status-publish","format-standard","has-post-thumbnail","hentry","category-policiales"],"jetpack_publicize_connections":[],"jetpack_featured_media_url":"https:\/\/laurbedigital.com.ar\/noticias\/wp-content\/uploads\/2021\/12\/20211205-Rescate.jpg","_links":{"self":[{"href":"https:\/\/laurbedigital.com.ar\/noticias\/wp-json\/wp\/v2\/posts\/66439","targetHints":{"allow":["GET"]}}],"collection":[{"href":"https:\/\/laurbedigital.com.ar\/noticias\/wp-json\/wp\/v2\/posts"}],"about":[{"href":"https:\/\/laurbedigital.com.ar\/noticias\/wp-json\/wp\/v2\/types\/post"}],"author":[{"embeddable":true,"href":"https:\/\/laurbedigital.com.ar\/noticias\/wp-json\/wp\/v2\/users\/1"}],"replies":[{"embeddable":true,"href":"https:\/\/laurbedigital.com.ar\/noticias\/wp-json\/wp\/v2\/comments?post=66439"}],"version-history":[{"count":2,"href":"https:\/\/laurbedigital.com.ar\/noticias\/wp-json\/wp\/v2\/posts\/66439\/revisions"}],"predecessor-version":[{"id":66443,"href":"https:\/\/laurbedigital.com.ar\/noticias\/wp-json\/wp\/v2\/posts\/66439\/revisions\/66443"}],"wp:featuredmedia":[{"embeddable":true,"href":"https:\/\/laurbedigital.com.ar\/noticias\/wp-json\/wp\/v2\/media\/66440"}],"wp:attachment":[{"href":"https:\/\/laurbedigital.com.ar\/noticias\/wp-json\/wp\/v2\/media?parent=66439"}],"wp:term":[{"taxonomy":"category","embeddable":true,"href":"https:\/\/laurbedigital.com.ar\/noticias\/wp-json\/wp\/v2\/categories?post=66439"},{"taxonomy":"post_tag","embeddable":true,"href":"https:\/\/laurbedigital.com.ar\/noticias\/wp-json\/wp\/v2\/tags?post=66439"}],"curies":[{"name":"wp","href":"https:\/\/api.w.org\/{rel}","templated":true}]}}