{"id":66433,"date":"2021-12-05T16:15:04","date_gmt":"2021-12-05T19:15:04","guid":{"rendered":"https:\/\/laurbedigital.com.ar\/noticias\/?p=66433"},"modified":"2021-12-05T16:17:55","modified_gmt":"2021-12-05T19:17:55","slug":"darin-narra-la-crisis-del-2001-para-history-no-tener-memoria-afecta-el-presente-y-el-futuro","status":"publish","type":"post","link":"https:\/\/laurbedigital.com.ar\/noticias\/2021\/12\/05\/darin-narra-la-crisis-del-2001-para-history-no-tener-memoria-afecta-el-presente-y-el-futuro\/","title":{"rendered":"Dar\u00edn narra la crisis del 2001 para History: \u00abNo tener memoria afecta el presente y el futuro\u00bb"},"content":{"rendered":"<p>&nbsp;<\/p>\n<h5>Ricardo Dar\u00edn presta su voz como narrador del documental \u00ab2001: El a\u00f1o del corralito\u00bb, una producci\u00f3n realizada al cumplirse dos d\u00e9cadas de la profunda crisis econ\u00f3mica y pol\u00edtica de diciembre de ese a\u00f1o en Argentina que narra los eventos previos al estallido social a trav\u00e9s de los testimonios de sus protagonistas, y que se estrenar\u00e1 hoy a las 21 en el canal de cable History.<\/h5>\n<p><strong>\u00abTodo lo que le pas\u00f3 al pueblo, el sufrimiento, la tristeza y el abandono fue realmente doloroso y dej\u00f3 una huella muy marcada. Es doloroso recordar pero mucho m\u00e1s lo es no tener memoria, porque afecta el presente y el futuro, a nuestros hijos y nietos y a toda la sociedad\u00bb,<\/strong> destac\u00f3 el reconocid\u00edsimo actor en una conferencia de prensa con medios nacionales e internacionales sobre la tem\u00e1tica del proyecto.<\/p>\n<p>Y en ese sentido, Dar\u00edn consider\u00f3 que <strong>\u00abla experiencia que atraves\u00f3 el pa\u00eds en su conjunto a partir de lo que ocurri\u00f3 en esa fecha ojal\u00e1 pueda servir para adelante, para intentar no pasar por los mismos lugares y no cometer los mismos errores, lo que genera injusticia sobre injusticia\u00bb.<\/strong><\/p>\n<p>A trav\u00e9s de entrevistas y un extenso trabajo de investigaci\u00f3n period\u00edstica, <strong>\u00ab2001: El a\u00f1o del corralito\u00bb<\/strong> busca explicar las distintas facetas del contexto que deriv\u00f3 en la implementaci\u00f3n de la medida conocida como<strong> \u00abcorralito\u00bb,<\/strong> impuesta por el entonces presidente Fernando de la R\u00faa y su ministro de Econom\u00eda, Domingo Cavallo, que restring\u00eda el libre acceso a los dep\u00f3sitos en cuentas bancarias.<\/p>\n<p>Para explicar las consecuencias fatales de la implementaci\u00f3n de la medida, que se sum\u00f3 as\u00ed al agudo deterioro de las condiciones sociales y a una comprometida institucionalidad, el documental se remonta a 1991, cuando el gobierno de Carlos Menem junto -nuevamente- a Cavallo, a cargo de la cartera de Econom\u00eda, llevaron a cabo el Plan de Convertibilidad que igualaba el valor del peso y el d\u00f3lar.<\/p>\n<p>A partir de ese punto en el tiempo, el especial da inicio a una narrativa en la que aparecen figuras involucradas de esa \u00e9poca como el mencionado Cavallo, el expresidente Eduardo Duhalde, la exministra de Desarrollo Social Graciela Fern\u00e1ndez Meijide y Ram\u00f3n Puerta, quien sucedi\u00f3 a De la R\u00faa tras su renuncia y ocup\u00f3 la presidencia provisional hasta la jura de Adolfo Rodr\u00edguez Sa\u00e1 dos d\u00edas despu\u00e9s.<\/p>\n<p>Tambi\u00e9n forman parte de la n\u00f3mina de entrevistados el exsecretario de Hacienda Oscar Lamberto, la actual secretaria de Relaciones Econ\u00f3micas Internacionales de la Naci\u00f3n, Cecilia Todesca Bocco; los polit\u00f3logos Rosendo Fraga y Mariano Caucino; y los periodistas Reynaldo Sietecase, Fanny Mandelbaum y Mar\u00eda O&#8217;Donnell.<\/p>\n<p>Por su parte, diferentes personas que trabajaban como empleadas bancarias al momento del estallido, testigos de los saqueos y ahorristas que se vieron afectados por la crisis aportan sus testimonios al documental de una hora de duraci\u00f3n, que abunda en im\u00e1genes in\u00e9ditas y material de archivo de los cacerolazos y las tr\u00e1gicas manifestaciones masivas que simbolizaron el enojo y la incertidumbre de la ciudadan\u00eda.<\/p>\n<p><img loading=\"lazy\" decoding=\"async\" class=\"alignnone size-full wp-image-66436\" src=\"https:\/\/laurbedigital.com.ar\/noticias\/wp-content\/uploads\/2021\/12\/20211205-Corralito.jpg\" alt=\"\" width=\"768\" height=\"428\" title=\"\" srcset=\"https:\/\/laurbedigital.com.ar\/noticias\/wp-content\/uploads\/2021\/12\/20211205-Corralito.jpg 768w, https:\/\/laurbedigital.com.ar\/noticias\/wp-content\/uploads\/2021\/12\/20211205-Corralito-300x167.jpg 300w\" sizes=\"auto, (max-width: 768px) 100vw, 768px\" \/><\/p>\n<p>La elecci\u00f3n de Dar\u00edn como narrador de<strong> \u00ab2001: El a\u00f1o del corralito\u00bb<\/strong> se produce a poco de su participaci\u00f3n en el elenco de <strong>\u00abLa odisea de los giles\u00bb<\/strong>, el filme de Sebasti\u00e1n Borensztein estrenado en 2019 que se traslada a esos a\u00f1os y sigue a un grupo de vecinos de un pueblo en la provincia de Buenos Aires que descubre que el dinero que hab\u00eda invertido para fundar una cooperativa fue retenido por el banco.<\/p>\n<p><strong>\u00abLa ficci\u00f3n nos ofrece la oportunidad de contar una historia particular mostrando el contexto general de lo que ocurri\u00f3. Probablemente en otros andariveles se ocupan los testimonios y documentos, pero la ficci\u00f3n nos permite calar profundamente en lo que le ocurri\u00f3 al menos a algunas personas, en su intimidad, en sus proyectos frustrados, en esa sensaci\u00f3n dif\u00edcil de definir que es cuando uno atraviesa una circunstancia de gran injusticia y no es escuchado por nadie\u00bb,<\/strong> <strong>coment\u00f3 Dar\u00edn al respecto.<\/strong><\/p>\n<p>Despu\u00e9s de conformar el elenco de la cinta junto a Luis Brandoni, Ver\u00f3nica Llin\u00e1s y Andr\u00e9s Parra, entre m\u00e1s, <strong>\u00abaparec\u00eda como factible hacer la narraci\u00f3n de este documental -sigui\u00f3-, del que uno cree que recuerda todo y que tiene almacenadas todas las experiencias escuchadas y comentadas\u00bb.<\/strong><\/p>\n<p><strong>\u00abBasta recorrerlo para darse cuenta de que nuestra capacidad no alcanza para retener todo lo que pas\u00f3. El documental es obviamente una s\u00edntesis de lo que le pas\u00f3 a miles de personas, pero creo que acabadamente ilustra y muestra el dolor y la desaz\u00f3n en la que se vio sumergida tanta gente\u00bb,<\/strong> agreg\u00f3 el int\u00e9rprete, quien se\u00f1al\u00f3 que durante el desarrollo del documental se sinti\u00f3 <strong>\u00abimpactado muy fuertemente\u00bb<\/strong> por revivir la \u00e9poca.<\/p>\n<p>Justamente por eso, consider\u00f3 adem\u00e1s que este recorrido de los hechos ocurridos en diciembre de 2001 que realiza la producci\u00f3n es una manera de ejercer la memoria: <strong>\u00abLa responsabilidad de los pueblos es esa, mi esperanza est\u00e1 m\u00e1s cifrada en que recuperemos la conciencia de que los due\u00f1os de la situaci\u00f3n debemos ser los ciudadanos\u00bb,<\/strong> opin\u00f3 Dar\u00edn.<\/p>\n<p><strong>\u00abSomos nosotros los que decidimos, con nuestra voz y nuestras acciones, sobre todo en esta era que es la de la comunicaci\u00f3n, la era digital, donde una idea o una palabra atraviesa regiones en un instante. Tenemos que recordar que los funcionarios p\u00fablicos son personas que el pueblo eligi\u00f3 para que nos representen, y debemos exigirles que nos escuchen permanentemente\u00bb,<\/strong> a\u00f1adi\u00f3.<\/p>\n<p>Y en esa l\u00ednea, concluy\u00f3:<strong> \u00abNo nos tenemos que dejar confundir en ese sentido, tenemos que confiar en que si ejercitamos nuestra memoria, tenemos m\u00e1s chances de mirar para adelante con buenas herramientas. Es fundamental que hagamos esta especie de discriminaci\u00f3n de informaci\u00f3n para no sentirnos atosigados por el torrente de datos que recibimos a diario y para que lo verdaderamente importante lo sea, y lo que no, no\u00bb.<\/strong><\/p>\n<p>Adem\u00e1s de su transmisi\u00f3n en la se\u00f1al History,<strong> \u00ab2001: El a\u00f1o del corralito\u00bb<\/strong> podr\u00e1 verse en repetici\u00f3n el lunes a las 18, el mi\u00e9rcoles a las 22 y el pr\u00f3ximo domingo a las 23, en la plataforma History Play.<\/p>\n<p>&nbsp;<\/p>\n<p>&nbsp;<\/p>\n","protected":false},"excerpt":{"rendered":"<p>&nbsp; Ricardo Dar\u00edn presta su voz como narrador del documental \u00ab2001: El a\u00f1o del corralito\u00bb, una producci\u00f3n realizada al cumplirse<\/p>\n","protected":false},"author":1,"featured_media":66434,"comment_status":"closed","ping_status":"closed","sticky":false,"template":"","format":"standard","meta":{"kia_subtitle":"","footnotes":"","jetpack_publicize_message":"","jetpack_publicize_feature_enabled":true,"jetpack_social_post_already_shared":true,"jetpack_social_options":{"image_generator_settings":{"template":"highway","default_image_id":0,"font":"","enabled":false},"version":2}},"categories":[68],"tags":[],"class_list":["post-66433","post","type-post","status-publish","format-standard","has-post-thumbnail","hentry","category-cine-y-series"],"jetpack_publicize_connections":[],"jetpack_featured_media_url":"https:\/\/laurbedigital.com.ar\/noticias\/wp-content\/uploads\/2021\/12\/20211205-Darin.jpg","_links":{"self":[{"href":"https:\/\/laurbedigital.com.ar\/noticias\/wp-json\/wp\/v2\/posts\/66433","targetHints":{"allow":["GET"]}}],"collection":[{"href":"https:\/\/laurbedigital.com.ar\/noticias\/wp-json\/wp\/v2\/posts"}],"about":[{"href":"https:\/\/laurbedigital.com.ar\/noticias\/wp-json\/wp\/v2\/types\/post"}],"author":[{"embeddable":true,"href":"https:\/\/laurbedigital.com.ar\/noticias\/wp-json\/wp\/v2\/users\/1"}],"replies":[{"embeddable":true,"href":"https:\/\/laurbedigital.com.ar\/noticias\/wp-json\/wp\/v2\/comments?post=66433"}],"version-history":[{"count":3,"href":"https:\/\/laurbedigital.com.ar\/noticias\/wp-json\/wp\/v2\/posts\/66433\/revisions"}],"predecessor-version":[{"id":66437,"href":"https:\/\/laurbedigital.com.ar\/noticias\/wp-json\/wp\/v2\/posts\/66433\/revisions\/66437"}],"wp:featuredmedia":[{"embeddable":true,"href":"https:\/\/laurbedigital.com.ar\/noticias\/wp-json\/wp\/v2\/media\/66434"}],"wp:attachment":[{"href":"https:\/\/laurbedigital.com.ar\/noticias\/wp-json\/wp\/v2\/media?parent=66433"}],"wp:term":[{"taxonomy":"category","embeddable":true,"href":"https:\/\/laurbedigital.com.ar\/noticias\/wp-json\/wp\/v2\/categories?post=66433"},{"taxonomy":"post_tag","embeddable":true,"href":"https:\/\/laurbedigital.com.ar\/noticias\/wp-json\/wp\/v2\/tags?post=66433"}],"curies":[{"name":"wp","href":"https:\/\/api.w.org\/{rel}","templated":true}]}}