{"id":65769,"date":"2021-11-23T15:41:16","date_gmt":"2021-11-23T18:41:16","guid":{"rendered":"https:\/\/laurbedigital.com.ar\/noticias\/?p=65769"},"modified":"2021-11-23T15:41:57","modified_gmt":"2021-11-23T18:41:57","slug":"caso-lucas-piden-investigar-si-hay-una-posible-asociacion-ilicita-entre-policias-y-funcionarios","status":"publish","type":"post","link":"https:\/\/laurbedigital.com.ar\/noticias\/2021\/11\/23\/caso-lucas-piden-investigar-si-hay-una-posible-asociacion-ilicita-entre-policias-y-funcionarios\/","title":{"rendered":"Caso Lucas: piden investigar si hay una posible asociaci\u00f3n il\u00edcita entre polic\u00edas y funcionarios"},"content":{"rendered":"<p>&nbsp;<\/p>\n<h5>\u00a0\u00abEs muy dif\u00edcil imaginar que funcionen brigadas de civil y que lo sepan periodistas y no lo sepan autoridades pol\u00edticas o policiales\u00bb, argument\u00f3 Leandro Santoro, quien present\u00f3 la denuncia junto a su par Victoria Montenegro.<\/h5>\n<p>Los\u00a0<strong>legisladores porte\u00f1os del Frente de Todos (FdT) Leandro Santoro y Victoria Montenegro<\/strong>\u00a0presentaron este martes ante los tribunales federales una\u00a0<strong>denuncia para investigar la posible existencia de una asociaci\u00f3n il\u00edcita entre polic\u00edas y funcionarios\u00a0<\/strong>del Gobierno de la ciudad de Buenos Aires, tras del crimen de Lucas Gonz\u00e1lez en el barrio de Barracas en un presunto caso de gatillo f\u00e1cil.<\/p>\n<p>Con el patrocinio letrado de Miguel \u00c1ngel Pierri, los legisladores porte\u00f1os del Frente de Todos presentaron la denuncia penal para que<strong>\u00a0se investigue \u00abla existencia de una asociaci\u00f3n il\u00edcita integrada por polic\u00edas y funcionarios, que opera en el sur de la Ciudad,<\/strong>\u00a0con el objetivo de cometer delitos tales como extorsi\u00f3n, cohecho, exacciones ilegales y encubrimiento, entre otros a determinar por la Justicia Federal junto a las responsabilidades\u00bb.<\/p>\n<p>La denuncia tiene como n\u00famero de expediente CFP 7386\/2021 y recay\u00f3 en el juzgado federal correccional y criminal N\u00b02 a cargo del juez Sebasti\u00e1n Ramos.<\/p>\n<p>En declaraciones a la prensa tras la presentaci\u00f3n en los tribunales de Comodoro Py, Santoro explic\u00f3 que la denuncia surge a partir de la investigaci\u00f3n del periodista Nahuel Gallotta publicada en el diario Clar\u00edn, en relaci\u00f3n a las circunstancias en las que, el mi\u00e9rcoles pasado, se produjo el asesinado del adolescente.<\/p>\n<p>\u00abLa denuncia se da<strong>\u00a0en el marco de una investigaci\u00f3n realizada por el periodista Nahuel Gallota<\/strong>, publicada este lunes 22 de noviembre en el diario Clar\u00edn, donde se detalla<strong>\u00a0el &#8216;modus operandi&#8217; de las brigadas policiales ilegales que operan en el sur de la Ciudad de Buenos Aires\u00bb,<\/strong>\u00a0precis\u00f3.<\/p>\n<p>Sostuvo que \u00abla polic\u00eda de la Ciudad es una fuerza de seguridad seria y muy profesional\u00bb, pero advirti\u00f3 que a\u00fan as\u00ed, \u00abhay cosas que est\u00e1n funcionando mal\u00bb.<\/p>\n<p>Agrego en ese sentido que\u00a0<strong>\u00absin generalizar ni hacer uso pol\u00edtico, el Gobierno porte\u00f1o tiene que resolver estas cosas y responder al pueblo de la Ciudad\u00bb.<\/strong><\/p>\n<p>\u00abNo estamos politizando la causa, hemos venido a denunciar los acontecimientos\u00bb, dijo y agreg\u00f3: \u00abEs muy dif\u00edcil imaginar que funcionen brigadas de civil y que lo sepan periodistas y no lo sepan autoridades pol\u00edticas o policiales. Nosotros no hacemos &#8216;caranchismo&#8217; y no vamos a imputar particularmente a nadie porque eso le corresponde a la justicia\u00bb.<\/p>\n<p>\u00abLa que tiene que resolver esto es la justicia y lo que nosotros le pedimos a la justicia es que le diga a los vecinos porte\u00f1os qu\u00e9 es lo que est\u00e1 pasando con la Polic\u00eda de la Ciudad\u00bb, agreg\u00f3 el diputado nacional electo.<\/p>\n<p>En ese sentido, Santoro, quien estuvo acompa\u00f1ado por Victoria Montenegro, aclar\u00f3:<strong>\u00a0\u00abNosotros estamos denunciando un hecho y no una persona, ni al jefe de polic\u00eda ni al ministro de Seguridad\u00bb.<\/strong><\/p>\n<p>Luego, en declaraciones a C5N, Santoro especific\u00f3 el motivo de su denuncia y rechaz\u00f3 que tenga un trasfondo pol\u00edtico.<\/p>\n<p>\u201cA partir del asesinato de Lucas, la opini\u00f3n p\u00fablica tom\u00f3 conocimiento de que existen brigadas de civil de la polic\u00eda de la Ciudad que act\u00faan de manera ilegal en los barrios del sur\u201d, se\u00f1al\u00f3.<\/p>\n<p>En esa l\u00ednea, agreg\u00f3: \u201cAyer, sali\u00f3 una nota en el diario Clar\u00edn en la que se denuncia que no es la \u00fanica brigada sino que existen 2 o 3 m\u00f3viles m\u00e1s no identificados, sin chapas patentes y que son ocupados por polic\u00edas de la Ciudad vestidos de civil que se dedican a extorsionar a vecinos del sur: hablan que les cobran coima a los comerciantes que venden sin ticket, a los feriantes y a los vendedores y consumidores de droga\u201d.<\/p>\n<p>\u201cEntonces, lo que nosotros hicimos es presentar una denuncia para pedirle a la Justicia que investigue y determine si existe o no una asociaci\u00f3n il\u00edcita que realiza estas operaciones\u201d, remarc\u00f3.<\/p>\n<p>Santoro record\u00f3 adem\u00e1s que \u201cen la nota del diario Clar\u00edn, un testigo afirma que ese sistema de recaudaci\u00f3n va para los comisarios de la Polic\u00eda de la Ciudad\u00bb y, por eso, dijo: \u00abNo me puedo quedar sentado en mi casa, es necesario denunciarlo para que se investigue y se aclare esta situaci\u00f3n que a priori es grave\u201d.<\/p>\n<p>\u201cLa mayor\u00eda de la gente no es la primera vez que escucha que hay un sistema de recaudaci\u00f3n ilegal, pero en esta oportunidad se debe saber si es as\u00ed, si tiene encubrimiento pol\u00edtico y si estamos dispuestos a tolerarlo como sociedad\u201d, manifest\u00f3.<\/p>\n<p>Al respecto, el legislador enfatiz\u00f3 que \u201chace 3 a\u00f1os y medio que venimos denunciando junto con Montenegro que grupos de polic\u00edas de la Ciudad integraban c\u00e9lulas de espionaje ilegal en el marco de la Agencia Federal de Inteligencia (AFI) durante el gobierno de Mauricio Macri\u201d.<\/p>\n<p>Santoro concluy\u00f3: \u201cPor eso, lo que hoy hicimos con esta presentaci\u00f3n es pedirle a la justicia que dictamine si estas situaciones que denuncia la nota del diario Clar\u00edn ocurren o no, porque es impensado que este tipo de cosas puedan suceder sin protecci\u00f3n pol\u00edtica\u201d.<\/p>\n<p>Por su parte, la diputada porte\u00f1a Victoria Montenegro dijo que \u00abes necesario que la justicia investigue la responsabilidad de los jefes de la polic\u00eda porte\u00f1a, pero tambi\u00e9n la responsabilidad pol\u00edtica\u00bb, en declaraciones radiales.<\/p>\n<p>Montenegro se pregunt\u00f3 \u00abpara d\u00f3nde mira la pol\u00edtica\u00bb mientras \u00ablos polic\u00edas recolectan dinero, y para qui\u00e9n lo hacen\u00bb y a\u00f1adi\u00f3: \u00abEntendemos que las bandas de la polic\u00eda de la Ciudad no son cuentapropistas; alguien habilita a que trabajen de esa forma\u00bb.<\/p>\n<p>Adem\u00e1s, remarc\u00f3 que \u00abla polic\u00eda de la Ciudad cumpli\u00f3 reci\u00e9n cinco a\u00f1os\u00bb y que \u00abfue creada por el jefe de Gobierno, Horacio Rodr\u00edguez Larreta\u00bb, con lo cual desde la administraci\u00f3n porte\u00f1a \u00abno le pueden echar la culpa a nadie\u00bb.<\/p>\n<p>Al insistir en la importancia de \u00abanalizar el control pol\u00edtico de la fuerza\u00bb, resalt\u00f3 tambi\u00e9n el hecho de que, \u00abpor primera vez, se rompe el blindaje comunicacional que tiene el jefe de Gobierno\u00bb luego de recordar que \u00ablas primeras noticias -tras la muerte de Lucas- hablaban de un enfrentamiento\u00bb.<\/p>\n<p>\u00abNos preocupa c\u00f3mo se construy\u00f3 un relato que no hab\u00eda sucedido. Si el club no se comunicaba y dejaba claro que los chicos hab\u00edan salido de ah\u00ed, yo no s\u00e9 si hoy ten\u00edamos la posibilidad de pedir justicia\u00bb, cerr\u00f3. tel\u00e1m<\/p>\n<p>&nbsp;<\/p>\n","protected":false},"excerpt":{"rendered":"<p>&nbsp; \u00a0\u00abEs muy dif\u00edcil imaginar que funcionen brigadas de civil y que lo sepan periodistas y no lo sepan autoridades<\/p>\n","protected":false},"author":1,"featured_media":65770,"comment_status":"closed","ping_status":"closed","sticky":false,"template":"","format":"standard","meta":{"kia_subtitle":"","footnotes":"","jetpack_publicize_message":"","jetpack_publicize_feature_enabled":true,"jetpack_social_post_already_shared":true,"jetpack_social_options":{"image_generator_settings":{"template":"highway","default_image_id":0,"font":"","enabled":false},"version":2}},"categories":[13,2544],"tags":[],"class_list":["post-65769","post","type-post","status-publish","format-standard","has-post-thumbnail","hentry","category-region","category-ciudad-de-buenos-aires"],"jetpack_publicize_connections":[],"jetpack_featured_media_url":"https:\/\/laurbedigital.com.ar\/noticias\/wp-content\/uploads\/2021\/11\/20211123-Santoro.jpg","_links":{"self":[{"href":"https:\/\/laurbedigital.com.ar\/noticias\/wp-json\/wp\/v2\/posts\/65769","targetHints":{"allow":["GET"]}}],"collection":[{"href":"https:\/\/laurbedigital.com.ar\/noticias\/wp-json\/wp\/v2\/posts"}],"about":[{"href":"https:\/\/laurbedigital.com.ar\/noticias\/wp-json\/wp\/v2\/types\/post"}],"author":[{"embeddable":true,"href":"https:\/\/laurbedigital.com.ar\/noticias\/wp-json\/wp\/v2\/users\/1"}],"replies":[{"embeddable":true,"href":"https:\/\/laurbedigital.com.ar\/noticias\/wp-json\/wp\/v2\/comments?post=65769"}],"version-history":[{"count":3,"href":"https:\/\/laurbedigital.com.ar\/noticias\/wp-json\/wp\/v2\/posts\/65769\/revisions"}],"predecessor-version":[{"id":65773,"href":"https:\/\/laurbedigital.com.ar\/noticias\/wp-json\/wp\/v2\/posts\/65769\/revisions\/65773"}],"wp:featuredmedia":[{"embeddable":true,"href":"https:\/\/laurbedigital.com.ar\/noticias\/wp-json\/wp\/v2\/media\/65770"}],"wp:attachment":[{"href":"https:\/\/laurbedigital.com.ar\/noticias\/wp-json\/wp\/v2\/media?parent=65769"}],"wp:term":[{"taxonomy":"category","embeddable":true,"href":"https:\/\/laurbedigital.com.ar\/noticias\/wp-json\/wp\/v2\/categories?post=65769"},{"taxonomy":"post_tag","embeddable":true,"href":"https:\/\/laurbedigital.com.ar\/noticias\/wp-json\/wp\/v2\/tags?post=65769"}],"curies":[{"name":"wp","href":"https:\/\/api.w.org\/{rel}","templated":true}]}}