{"id":65765,"date":"2021-11-23T14:24:21","date_gmt":"2021-11-23T17:24:21","guid":{"rendered":"https:\/\/laurbedigital.com.ar\/noticias\/?p=65765"},"modified":"2021-11-23T14:24:21","modified_gmt":"2021-11-23T17:24:21","slug":"para-el-abogado-de-la-familia-el-caso-esta-esclarecido-y-a-lucas-gonzalez-lo-fusilaron","status":"publish","type":"post","link":"https:\/\/laurbedigital.com.ar\/noticias\/2021\/11\/23\/para-el-abogado-de-la-familia-el-caso-esta-esclarecido-y-a-lucas-gonzalez-lo-fusilaron\/","title":{"rendered":"Para el abogado de la familia, el caso \u00abest\u00e1 esclarecido\u00bb y a Lucas Gonz\u00e1lez \u00ablo fusilaron\u00bb"},"content":{"rendered":"<p>&nbsp;<\/p>\n<h5>El abogado Gregorio Dalb\u00f3n, quien representa a las familias de Lucas Gonz\u00e1lez y a sus tres amigos, consider\u00f3 hoy que el caso <strong>\u201cya est\u00e1 esclarecido\u201d<\/strong> y asegur\u00f3 que el adolescente<strong> \u201cfue fusilado\u201d<\/strong> por los polic\u00edas de la Ciudad que est\u00e1n detenidos.<\/h5>\n<p>Para el letrado, <strong>\u201cla causa est\u00e1 esclarecida\u201d,<\/strong> ya que los tres efectivos <strong>\u201cadmitieron tirar\u201d<\/strong> al ser indagados ayer en el marco de la causa por el homicidio doblemente agravado de Lucas, la tentativa de homicidio de sus amigos y la privaci\u00f3n ileg\u00edtima de la libertad de todos ellos.<\/p>\n<p><strong>\u201cObviamente trataron est\u00e9rilmente de mejorar su situaci\u00f3n procesal con algunas cosas que mintieron. Nosotros tememos pruebas de que lo que dijeron, como que dieron la voz de alto, que ten\u00edan chalecos y que pusieron sirena, es mentira\u201d,<\/strong> sostuvo Dalb\u00f3n en di\u00e1logo con Radio 10.<\/p>\n<p>El letrado confirm\u00f3 que el recorrido que hicieron los cuatro adolescentes a bordo del Vokswagen Suran azul, desde que salieron de entrenar hasta que fueron interceptados por los tres polic\u00edas a bordo del Nissan Tiida en Barracas, \u201cest\u00e1 todo filmado\u201d.<\/p>\n<p><strong>\u201cDespu\u00e9s de comprar el jugo, los chicos pasan, le salen de atr\u00e1s y le cruzan el auto. Los chicos del susto pegan un volantazo a la izquierda. Fue una emboscada, los fueron a esperar\u201d,<\/strong> asegur\u00f3.<\/p>\n<p>Dalb\u00f3n sostuvo que, para \u00e9l, los polic\u00edas se entregaron a los tres d\u00edas <strong>\u201cpara limpiarse toxicol\u00f3gicamente, porque una persona en estado normal no puede hacer lo que hicieron\u201d.<\/strong><\/p>\n<p><strong>\u201cM\u00e1s de 12 tiros (\u2026) gracias a Dios uno de los chiquitos que viajaba atr\u00e1s sali\u00f3 corriendo, de lo contrario los mataban a los cuatro para que no queden restos de testimoniales o situaciones que puedan comprometerlos\u00bb,<\/strong> agreg\u00f3.<\/p>\n<p>Por otra parte, el abogado confirm\u00f3 que presentar\u00e1 una denuncia contra el juez de menores Alejandro Cilleruelo, del Juzgado Nacional de Menores 4, encargado en un primer momento de la investigaci\u00f3n.<\/p>\n<p><strong>\u201cYa tengo terminado el juicio pol\u00edtico, lo voy a hacer destituir al juez de menores. Puso preso a los inocentes y les dio la libertad a los culpables\u201d,<\/strong> asever\u00f3, y agreg\u00f3: <strong>\u201cNo lo quiero m\u00e1s en la justicia. Los espos\u00f3 y a los menores no se los puede esposar porque hay disposiciones internacionales de derechos que realmente fueron violadas\u201d.<\/strong><\/p>\n<p>Adem\u00e1s de las filmaciones, el abogado dijo que en la causa est\u00e1n las modulaciones que realizaron los efectivos momentos posteriores al hecho.<\/p>\n<p><strong>\u201cLas modulaciones dicen &#8216;enfrentamiento, solicitamos refuerzos&#8217;. No hubo enfrentamiento y la voz que ten\u00eda el tipo (polic\u00eda) que hab\u00eda disparado estaba recontra titubeando porque sab\u00eda que se hab\u00eda mandado una situaci\u00f3n que le va a costar la prisi\u00f3n perpetua\u201d,<\/strong> sostuvo.<\/p>\n<p>Por \u00faltimo, el abogado aclar\u00f3 que la familia <strong>\u201cno quiere venganza, quiere justicia\u201d.<\/strong><\/p>\n<p><strong>\u201cNo queremos que le pase nada a los polic\u00edas, los queremos en el juicio oral y que sean condenados\u201d,<\/strong> concluy\u00f3.<\/p>\n<p>&nbsp;<\/p>\n","protected":false},"excerpt":{"rendered":"<p>&nbsp; El abogado Gregorio Dalb\u00f3n, quien representa a las familias de Lucas Gonz\u00e1lez y a sus tres amigos, consider\u00f3 hoy<\/p>\n","protected":false},"author":1,"featured_media":65766,"comment_status":"closed","ping_status":"closed","sticky":false,"template":"","format":"standard","meta":{"kia_subtitle":"","footnotes":"","jetpack_publicize_message":"","jetpack_publicize_feature_enabled":true,"jetpack_social_post_already_shared":true,"jetpack_social_options":{"image_generator_settings":{"template":"highway","default_image_id":0,"font":"","enabled":false},"version":2}},"categories":[8],"tags":[],"class_list":["post-65765","post","type-post","status-publish","format-standard","has-post-thumbnail","hentry","category-policiales"],"jetpack_publicize_connections":[],"jetpack_featured_media_url":"https:\/\/laurbedigital.com.ar\/noticias\/wp-content\/uploads\/2021\/11\/20211123-Gregorio-Dalbon.jpg","_links":{"self":[{"href":"https:\/\/laurbedigital.com.ar\/noticias\/wp-json\/wp\/v2\/posts\/65765","targetHints":{"allow":["GET"]}}],"collection":[{"href":"https:\/\/laurbedigital.com.ar\/noticias\/wp-json\/wp\/v2\/posts"}],"about":[{"href":"https:\/\/laurbedigital.com.ar\/noticias\/wp-json\/wp\/v2\/types\/post"}],"author":[{"embeddable":true,"href":"https:\/\/laurbedigital.com.ar\/noticias\/wp-json\/wp\/v2\/users\/1"}],"replies":[{"embeddable":true,"href":"https:\/\/laurbedigital.com.ar\/noticias\/wp-json\/wp\/v2\/comments?post=65765"}],"version-history":[{"count":2,"href":"https:\/\/laurbedigital.com.ar\/noticias\/wp-json\/wp\/v2\/posts\/65765\/revisions"}],"predecessor-version":[{"id":65768,"href":"https:\/\/laurbedigital.com.ar\/noticias\/wp-json\/wp\/v2\/posts\/65765\/revisions\/65768"}],"wp:featuredmedia":[{"embeddable":true,"href":"https:\/\/laurbedigital.com.ar\/noticias\/wp-json\/wp\/v2\/media\/65766"}],"wp:attachment":[{"href":"https:\/\/laurbedigital.com.ar\/noticias\/wp-json\/wp\/v2\/media?parent=65765"}],"wp:term":[{"taxonomy":"category","embeddable":true,"href":"https:\/\/laurbedigital.com.ar\/noticias\/wp-json\/wp\/v2\/categories?post=65765"},{"taxonomy":"post_tag","embeddable":true,"href":"https:\/\/laurbedigital.com.ar\/noticias\/wp-json\/wp\/v2\/tags?post=65765"}],"curies":[{"name":"wp","href":"https:\/\/api.w.org\/{rel}","templated":true}]}}