{"id":65658,"date":"2021-11-22T11:14:28","date_gmt":"2021-11-22T14:14:28","guid":{"rendered":"https:\/\/laurbedigital.com.ar\/noticias\/?p=65658"},"modified":"2021-11-22T11:14:28","modified_gmt":"2021-11-22T14:14:28","slug":"sigue-la-ola-de-calor-en-el-norte-y-centro-del-pais-y-catamarca-lidera-el-ranking-con-39-de-maxima","status":"publish","type":"post","link":"https:\/\/laurbedigital.com.ar\/noticias\/2021\/11\/22\/sigue-la-ola-de-calor-en-el-norte-y-centro-del-pais-y-catamarca-lidera-el-ranking-con-39-de-maxima\/","title":{"rendered":"Sigue la ola de calor en el norte y centro del pa\u00eds, y Catamarca lidera el r\u00e1nking con 39 de m\u00e1xima"},"content":{"rendered":"<p>&nbsp;<\/p>\n<h5>La ciudad de San Fernando del Valle de Catamarca tendr\u00e1 la jornada m\u00e1s calurosa del pa\u00eds, con una m\u00e1xima estimada en 39 grados, mientras en el resto de las provincias del norte y centro se registrar\u00e1n temperaturas superiores a los 30 grados, seg\u00fan el reporte del Servicio Meteorol\u00f3gico Nacional, que a su vez emiti\u00f3 una alerta amarilla por vientos para la costa atl\u00e1ntica bonaerense.<\/h5>\n<p>En el \u00faltimo d\u00eda del fin de semana largo, se espera que la capital catamarque\u00f1a lidere el r\u00e1nking de temperaturas m\u00e1s altas con 39 grados, seguida por La Rioja con 38.<\/p>\n<p>En el centro del pa\u00eds tambi\u00e9n se vivir\u00e1 un calor agobiante, con 37 grados de m\u00e1xima en la capital de C\u00f3rdoba y 36 en la ciudad de Santa Fe.<\/p>\n<p>Para la Ciudad de Buenos Aires, el SMN pronostica una m\u00e1xima de 35 grados, al igual que en La Plata.<\/p>\n<p>A su vez, el organismo emiti\u00f3 una alerta amarilla por vientos intensos para la costa bonaerense que implica \u00abposibles fen\u00f3menos meteorol\u00f3gicos con capacidad de da\u00f1o y riesgo de interrupci\u00f3n moment\u00e1nea de actividades cotidianas\u00bb.<\/p>\n<p>En tanto, las temperaturas m\u00e1s bajas se esperan en Ushuaia, con una m\u00e1xima 6 grados y en Tolhuin con 9, ambas en Tierra del Fuego, despu\u00e9s de haber tenido una ma\u00f1ana fr\u00eda con -1 y -4 grados, respectivamente.<\/p>\n<p>&nbsp;<\/p>\n<p>&nbsp;<\/p>\n","protected":false},"excerpt":{"rendered":"<p>&nbsp; La ciudad de San Fernando del Valle de Catamarca tendr\u00e1 la jornada m\u00e1s calurosa del pa\u00eds, con una m\u00e1xima<\/p>\n","protected":false},"author":1,"featured_media":65659,"comment_status":"closed","ping_status":"closed","sticky":false,"template":"","format":"standard","meta":{"kia_subtitle":"","footnotes":"","jetpack_publicize_message":"","jetpack_publicize_feature_enabled":true,"jetpack_social_post_already_shared":true,"jetpack_social_options":{"image_generator_settings":{"template":"highway","default_image_id":0,"font":"","enabled":false},"version":2}},"categories":[3,41],"tags":[],"class_list":["post-65658","post","type-post","status-publish","format-standard","has-post-thumbnail","hentry","category-actualidad","category-nacionales"],"jetpack_publicize_connections":[],"jetpack_featured_media_url":"https:\/\/laurbedigital.com.ar\/noticias\/wp-content\/uploads\/2021\/11\/20211122-oLA-DE-CALOR.jpg","_links":{"self":[{"href":"https:\/\/laurbedigital.com.ar\/noticias\/wp-json\/wp\/v2\/posts\/65658","targetHints":{"allow":["GET"]}}],"collection":[{"href":"https:\/\/laurbedigital.com.ar\/noticias\/wp-json\/wp\/v2\/posts"}],"about":[{"href":"https:\/\/laurbedigital.com.ar\/noticias\/wp-json\/wp\/v2\/types\/post"}],"author":[{"embeddable":true,"href":"https:\/\/laurbedigital.com.ar\/noticias\/wp-json\/wp\/v2\/users\/1"}],"replies":[{"embeddable":true,"href":"https:\/\/laurbedigital.com.ar\/noticias\/wp-json\/wp\/v2\/comments?post=65658"}],"version-history":[{"count":2,"href":"https:\/\/laurbedigital.com.ar\/noticias\/wp-json\/wp\/v2\/posts\/65658\/revisions"}],"predecessor-version":[{"id":65661,"href":"https:\/\/laurbedigital.com.ar\/noticias\/wp-json\/wp\/v2\/posts\/65658\/revisions\/65661"}],"wp:featuredmedia":[{"embeddable":true,"href":"https:\/\/laurbedigital.com.ar\/noticias\/wp-json\/wp\/v2\/media\/65659"}],"wp:attachment":[{"href":"https:\/\/laurbedigital.com.ar\/noticias\/wp-json\/wp\/v2\/media?parent=65658"}],"wp:term":[{"taxonomy":"category","embeddable":true,"href":"https:\/\/laurbedigital.com.ar\/noticias\/wp-json\/wp\/v2\/categories?post=65658"},{"taxonomy":"post_tag","embeddable":true,"href":"https:\/\/laurbedigital.com.ar\/noticias\/wp-json\/wp\/v2\/tags?post=65658"}],"curies":[{"name":"wp","href":"https:\/\/api.w.org\/{rel}","templated":true}]}}