{"id":65213,"date":"2021-11-13T10:05:33","date_gmt":"2021-11-13T13:05:33","guid":{"rendered":"https:\/\/laurbedigital.com.ar\/noticias\/?p=65213"},"modified":"2021-11-13T10:05:33","modified_gmt":"2021-11-13T13:05:33","slug":"el-transporte-publico-sera-libre-y-gratuito-durante-toda-la-jornada-electoral-de-manana","status":"publish","type":"post","link":"https:\/\/laurbedigital.com.ar\/noticias\/2021\/11\/13\/el-transporte-publico-sera-libre-y-gratuito-durante-toda-la-jornada-electoral-de-manana\/","title":{"rendered":"El transporte p\u00fablico ser\u00e1 libre y gratuito durante toda la jornada electoral de ma\u00f1ana"},"content":{"rendered":"<p>&nbsp;<\/p>\n<h5>El Ministerio de Transporte de la Naci\u00f3n determin\u00f3 que el servicio de transporte p\u00fablico automotor y ferroviario urbano y suburbano de Jurisdicci\u00f3n Nacional sea gratuito durante las 24 horas de este domingo 14 de noviembre.<\/h5>\n<p>Esta medida impulsada por el Ministerio que encabeza Alexis Guerrera tiene el objetivo de brindar mayor accesibilidad y garantizar el derecho al voto de toda la ciudadan\u00eda en las pr\u00f3ximas elecciones generales.<\/p>\n<p>Asimismo, la medida, que ya se hab\u00eda dispuesto para las elecciones Primarias Abiertas Simult\u00e1neas y Obligatorias (PASO) celebradas el 12 de septiembre, facilita el traslado al ejercicio de su derecho a los y las votantes, estableciendo la gratuidad para el transporte automotor y ferroviario urbano y suburbano de Jurisdicci\u00f3n Nacional y para aquellos servicios que no siendo de Jurisdicci\u00f3n Nacional se encuentren incorporadas al sistema SUBE.<\/p>\n<p>Adem\u00e1s, desde la cartera nacional se extendi\u00f3 la invitaci\u00f3n a que las jurisdicciones que no cuenten con el sistema adhieran a la iniciativa impulsada a trav\u00e9s de la firma del Convenio <strong>\u201cTransporte P\u00fablico Automotor Provincial de Pasajeros Urbano y Suburbano &#8211; Elecciones 2021\u201d.<\/strong><\/p>\n<p>En este sentido, el transporte p\u00fablico ser\u00e1 libre y gratuito en las siguientes jurisdicciones que ya adhirieron a la iniciativa: CABA, Buenos Aires, Catamarca, Chaco, Chubut, C\u00f3rdoba, Corrientes, Entre R\u00edos, Formosa, Jujuy, La Pampa, La Rioja, Mendoza, Misiones, Neuqu\u00e9n, R\u00edo Negro, Salta, San Juan, San Luis, Santa Fe, Santiago del Estero y Tucum\u00e1n. Adem\u00e1s, suscribi\u00f3 el municipio de Ushuaia de Tierra del Fuego.<\/p>\n<p>En torno a esta medida, el ministro de Transporte de la Naci\u00f3n, Alexis Guerrera, resalt\u00f3 que<strong> \u201ccon la implementaci\u00f3n de esta medida buscamos que toda la poblaci\u00f3n pueda acceder a ejercer el derecho a votar, brind\u00e1ndoles desde el Estado Nacional todas las comodidades posibles para que cada argentino y argentina pueda llegar a los diferentes lugares de la elecci\u00f3n\u201d.<\/strong><\/p>\n<p>Por ello, ma\u00f1ana, durante las 24 horas, se garantizar\u00e1 un transporte gratuito y libre para promover un acceso a las elecciones f\u00e1cil, r\u00e1pido y seguro.<\/p>\n<p>Por \u00faltimo, vale recordar que la resoluci\u00f3n 312\/2021 designa a la Secretar\u00eda de Articulaci\u00f3n Interjurisdiccional como la autoridad de aplicaci\u00f3n de la medida y a la Comisi\u00f3n Nacional de Regulaci\u00f3n del Transporte como el organismo encargado del control en el cumplimiento de la normativa y de las jurisdicciones que adhieran a la iniciativa a trav\u00e9s del Convenio <strong>\u201cTransporte P\u00fablico Automotor Provincial de Pasajeros Urbano y Suburbano &#8211; Elecciones 2021\u201d.<\/strong><\/p>\n<p>&nbsp;<\/p>\n<p>&nbsp;<\/p>\n","protected":false},"excerpt":{"rendered":"<p>&nbsp; El Ministerio de Transporte de la Naci\u00f3n determin\u00f3 que el servicio de transporte p\u00fablico automotor y ferroviario urbano y<\/p>\n","protected":false},"author":1,"featured_media":65214,"comment_status":"closed","ping_status":"closed","sticky":false,"template":"","format":"standard","meta":{"kia_subtitle":"","footnotes":"","jetpack_publicize_message":"","jetpack_publicize_feature_enabled":true,"jetpack_social_post_already_shared":true,"jetpack_social_options":{"image_generator_settings":{"template":"highway","default_image_id":0,"font":"","enabled":false},"version":2}},"categories":[3,41],"tags":[],"class_list":["post-65213","post","type-post","status-publish","format-standard","has-post-thumbnail","hentry","category-actualidad","category-nacionales"],"jetpack_publicize_connections":[],"jetpack_featured_media_url":"https:\/\/laurbedigital.com.ar\/noticias\/wp-content\/uploads\/2021\/11\/20211113-Brown-colectivo.jpg","_links":{"self":[{"href":"https:\/\/laurbedigital.com.ar\/noticias\/wp-json\/wp\/v2\/posts\/65213","targetHints":{"allow":["GET"]}}],"collection":[{"href":"https:\/\/laurbedigital.com.ar\/noticias\/wp-json\/wp\/v2\/posts"}],"about":[{"href":"https:\/\/laurbedigital.com.ar\/noticias\/wp-json\/wp\/v2\/types\/post"}],"author":[{"embeddable":true,"href":"https:\/\/laurbedigital.com.ar\/noticias\/wp-json\/wp\/v2\/users\/1"}],"replies":[{"embeddable":true,"href":"https:\/\/laurbedigital.com.ar\/noticias\/wp-json\/wp\/v2\/comments?post=65213"}],"version-history":[{"count":2,"href":"https:\/\/laurbedigital.com.ar\/noticias\/wp-json\/wp\/v2\/posts\/65213\/revisions"}],"predecessor-version":[{"id":65220,"href":"https:\/\/laurbedigital.com.ar\/noticias\/wp-json\/wp\/v2\/posts\/65213\/revisions\/65220"}],"wp:featuredmedia":[{"embeddable":true,"href":"https:\/\/laurbedigital.com.ar\/noticias\/wp-json\/wp\/v2\/media\/65214"}],"wp:attachment":[{"href":"https:\/\/laurbedigital.com.ar\/noticias\/wp-json\/wp\/v2\/media?parent=65213"}],"wp:term":[{"taxonomy":"category","embeddable":true,"href":"https:\/\/laurbedigital.com.ar\/noticias\/wp-json\/wp\/v2\/categories?post=65213"},{"taxonomy":"post_tag","embeddable":true,"href":"https:\/\/laurbedigital.com.ar\/noticias\/wp-json\/wp\/v2\/tags?post=65213"}],"curies":[{"name":"wp","href":"https:\/\/api.w.org\/{rel}","templated":true}]}}