{"id":64287,"date":"2021-10-29T16:28:33","date_gmt":"2021-10-29T19:28:33","guid":{"rendered":"https:\/\/laurbedigital.com.ar\/noticias\/?p=64287"},"modified":"2021-10-29T16:28:33","modified_gmt":"2021-10-29T19:28:33","slug":"magario-vaticina-que-habra-un-voto-de-confianza-y-reafirmacion-para-el-oficialismo","status":"publish","type":"post","link":"https:\/\/laurbedigital.com.ar\/noticias\/2021\/10\/29\/magario-vaticina-que-habra-un-voto-de-confianza-y-reafirmacion-para-el-oficialismo\/","title":{"rendered":"Magario vaticina que habr\u00e1 \u00abun voto de confianza y reafirmaci\u00f3n\u00bb para el oficialismo"},"content":{"rendered":"<p>&nbsp;<\/p>\n<h5>La vicegobernadora bonaerense, Ver\u00f3nica Magario, asegur\u00f3 hoy que se percibe \u00abun \u00e1nimo distinto en la gente\u00bb y vaticin\u00f3 que habr\u00e1 en los comicios del 14 de noviembre \u00abun voto de confianza y de reafirmaci\u00f3n al camino correcto\u00bb que transita el oficialismo.<\/h5>\n<p><em>\u00abLo que vemos en la calle, con intendentes y el gobernador Axel Kicillof, es un \u00e1nimo distinto en la gente. El poder salir de la pandemia (de coronavirus) y poder apostar a un futuro nos est\u00e1 mostrando que hay un voto de confianza, de acompa\u00f1amiento, un voto de reafirmaci\u00f3n que este es el camino correcto\u00bb,<\/em> expres\u00f3 Magario en declaraciones a C5N durante una visita a La Matanza.<\/p>\n<p>Precis\u00f3 que percibe que la gente<em> \u00abquiere confiar en que salgamos adelante con producci\u00f3n, recuperaci\u00f3n de los salarios, chicos de vuelta en la escuela lo que es muy importante para la organizaci\u00f3n familiar\u00bb.<\/em><\/p>\n<p><em>\u00abSentimos que hay un \u00e1nimo distinto. La vacuna fue muy importante. Ya estamos con un 50 por ciento de menores de entre 3 y 11 a\u00f1os con primeras dosis. Toda la poblaci\u00f3n est\u00e1 en condiciones de poder ser vacunada y nos permite proyectar a futuro y tener un futuro\u00bb,<\/em> destac\u00f3 la vicegobernadora.<\/p>\n<p><em>\u00abEstamos dispuestos a cambiar esa historia. (La gente) sufri\u00f3 mucho con (el expresidente, Mauricio) Macri y (la exgobernadora Mar\u00eda Eugenia) Vidal: tarifas, desempleo, y la pandemia tambi\u00e9n quit\u00f3 otras y hoy el \u00e1nimo es otro\u00bb,<\/em> precis\u00f3.<\/p>\n<p>Magario sostuvo que <em>\u00abse empieza a ver la recuperaci\u00f3n (econ\u00f3mica) y un movimiento distinto. Y hoy el \u00e1nimo es otro\u00bb.<\/em><\/p>\n<p><em>\u00abY se empieza a ver la sonrisa en los hombres, en los adultos mayores, en ni\u00f1os, en todos y eso deb\u00edamos recuperarlo y lo estamos recuperando\u00bb,<\/em> enfatiz\u00f3.<\/p>\n<p>&nbsp;<\/p>\n<p>&nbsp;<\/p>\n","protected":false},"excerpt":{"rendered":"<p>&nbsp; La vicegobernadora bonaerense, Ver\u00f3nica Magario, asegur\u00f3 hoy que se percibe \u00abun \u00e1nimo distinto en la gente\u00bb y vaticin\u00f3 que<\/p>\n","protected":false},"author":1,"featured_media":64288,"comment_status":"closed","ping_status":"closed","sticky":false,"template":"","format":"standard","meta":{"kia_subtitle":"","footnotes":"","jetpack_publicize_message":"","jetpack_publicize_feature_enabled":true,"jetpack_social_post_already_shared":true,"jetpack_social_options":{"image_generator_settings":{"template":"highway","default_image_id":0,"font":"","enabled":false},"version":2}},"categories":[3,41],"tags":[],"class_list":["post-64287","post","type-post","status-publish","format-standard","has-post-thumbnail","hentry","category-actualidad","category-nacionales"],"jetpack_publicize_connections":[],"jetpack_featured_media_url":"https:\/\/laurbedigital.com.ar\/noticias\/wp-content\/uploads\/2021\/10\/20211029-Veronica-Magario.jpg","_links":{"self":[{"href":"https:\/\/laurbedigital.com.ar\/noticias\/wp-json\/wp\/v2\/posts\/64287","targetHints":{"allow":["GET"]}}],"collection":[{"href":"https:\/\/laurbedigital.com.ar\/noticias\/wp-json\/wp\/v2\/posts"}],"about":[{"href":"https:\/\/laurbedigital.com.ar\/noticias\/wp-json\/wp\/v2\/types\/post"}],"author":[{"embeddable":true,"href":"https:\/\/laurbedigital.com.ar\/noticias\/wp-json\/wp\/v2\/users\/1"}],"replies":[{"embeddable":true,"href":"https:\/\/laurbedigital.com.ar\/noticias\/wp-json\/wp\/v2\/comments?post=64287"}],"version-history":[{"count":2,"href":"https:\/\/laurbedigital.com.ar\/noticias\/wp-json\/wp\/v2\/posts\/64287\/revisions"}],"predecessor-version":[{"id":64290,"href":"https:\/\/laurbedigital.com.ar\/noticias\/wp-json\/wp\/v2\/posts\/64287\/revisions\/64290"}],"wp:featuredmedia":[{"embeddable":true,"href":"https:\/\/laurbedigital.com.ar\/noticias\/wp-json\/wp\/v2\/media\/64288"}],"wp:attachment":[{"href":"https:\/\/laurbedigital.com.ar\/noticias\/wp-json\/wp\/v2\/media?parent=64287"}],"wp:term":[{"taxonomy":"category","embeddable":true,"href":"https:\/\/laurbedigital.com.ar\/noticias\/wp-json\/wp\/v2\/categories?post=64287"},{"taxonomy":"post_tag","embeddable":true,"href":"https:\/\/laurbedigital.com.ar\/noticias\/wp-json\/wp\/v2\/tags?post=64287"}],"curies":[{"name":"wp","href":"https:\/\/api.w.org\/{rel}","templated":true}]}}