{"id":64283,"date":"2021-10-29T16:02:10","date_gmt":"2021-10-29T19:02:10","guid":{"rendered":"https:\/\/laurbedigital.com.ar\/noticias\/?p=64283"},"modified":"2021-10-29T16:02:10","modified_gmt":"2021-10-29T19:02:10","slug":"el-gobierno-arma-una-red-de-fiscalizacion-de-precios-con-intendentes-y-gobernadores-de-todo-el-pais","status":"publish","type":"post","link":"https:\/\/laurbedigital.com.ar\/noticias\/2021\/10\/29\/el-gobierno-arma-una-red-de-fiscalizacion-de-precios-con-intendentes-y-gobernadores-de-todo-el-pais\/","title":{"rendered":"El Gobierno arma una red de fiscalizaci\u00f3n de precios con intendentes y gobernadores de todo el pa\u00eds"},"content":{"rendered":"<p>&nbsp;<\/p>\n<h5>El Gobierno convoc\u00f3 a intendentes y gobernadores de todos los municipios y las provincias del pa\u00eds a realizar, en forma concurrente con la Naci\u00f3n, la fiscalizaci\u00f3n y el control del cumplimiento de las disposiciones establecidas en la resoluci\u00f3n 1050\/2021, que estableci\u00f3 que los precios para 1.432 productos de consumo masivo se retrotraigan al 1 de octubre \u00faltimo y permanezcan as\u00ed hasta el 7 de enero de 2022.<\/h5>\n<p>Lo hizo a trav\u00e9s del decreto 745\/2021 publicado hoy en el Bolet\u00edn Oficial, que precis\u00f3 que para el cumplimiento de los controles las autoridades municipales se ajustar\u00e1n al procedimiento y las acciones previstas en los art\u00edculos 10 y 12 de la Ley 20.680 de Abastecimiento, mientras que el juzgamiento de las infracciones corresponder\u00e1 a la Secretar\u00eda de Comercio Interior de la Naci\u00f3n.<\/p>\n<p>El art\u00edculo 10 de la Ley 20.680 establece como procedimiento el labrado de un acta de infracci\u00f3n, la admisi\u00f3n de pruebas y la resoluci\u00f3n del hecho.<\/p>\n<p>En tanto que el art\u00edculo 12 se\u00f1ala que los funcionarios podr\u00e1n requerir el auxilio de la fuerza p\u00fablica; allanar en horas h\u00e1biles y d\u00edas de funcionamiento, locales industriales, comerciales, establecimientos de producci\u00f3n, y solicitar a los jueces competentes \u00f3rdenes de allanamiento cuando deba practicarse este procedimiento en d\u00edas y horas inh\u00e1biles o en la morada o habitaci\u00f3n del presunto responsable.<\/p>\n<p>Tambi\u00e9n podr\u00e1n secuestrar libros y todo otro elemento relativo a la administraci\u00f3n de los negocios por hasta 30 d\u00edas h\u00e1biles; intervenir la mercader\u00eda en infracci\u00f3n, aun cuando estuviera en tr\u00e1nsito, nombrando depositario; y clausurar preventivamente hasta por tres d\u00edas los locales en los que se hubiere constatado la infracci\u00f3n.<\/p>\n<p>Del mismo modo, los intendentes est\u00e1n habilitados para intervenir y declarar inmovilizadas las mercader\u00edas que hubieren sido objeto de una maniobra tendiente a reducir la oferta; citar a los presuntos responsable y solicitar a la autoridad de aplicaci\u00f3n su detenci\u00f3n preventiva.<\/p>\n<p>Al respecto, el secretario de Comercio Interior, Roberto Feletti, explic\u00f3 que la Naci\u00f3n puede tener <em>\u00abuna fiscalizaci\u00f3n efectiva s\u00f3lo en las \u00e1reas metropolitanas de Capital, Gran Buenos Aires, Gran Rosario y Gran C\u00f3rdoba\u00bb.<\/em><\/p>\n<p><em>\u00abPor eso es decisivo el apoyo que recibamos de las provincias\u00bb,<\/em> indic\u00f3 Feletti, quien anticip\u00f3 que se est\u00e1 evaluando capacitar a 300 relevadores de la Secretar\u00eda para sumarse al equipo de inspectores.<\/p>\n<p>El funcionario expres\u00f3 que el programa <em>\u00abse est\u00e1 implementado bien\u00bb,<\/em> y asegur\u00f3 que<em> \u00abno se han recibido en ning\u00fan caso denuncias de desabastecimiento, pese a los pron\u00f3sticos agoreros de muchos\u00bb.<\/em><\/p>\n<p><em>\u00abNo habr\u00eda raz\u00f3n t\u00e9cnica tampoco porque la mayor\u00eda de las plantas est\u00e1 trabajando con capacidad ociosa y no llega al 65%\u00bb,<\/em> precis\u00f3 el secretario.<\/p>\n<p>Tambi\u00e9n indic\u00f3 que la cadena de supermercados Changomas es la \u00fanica que contin\u00faa sin cumplir con el congelamiento de precios de 1.432 productos de consumo masivo. <em>\u00abEl programa se est\u00e1 cumpliendo pr\u00e1cticamente en todas las cadenas excepto el caso de Changom\u00e1s, con quienes nos vamos a entrevistar el lunes\u00bb,<\/em> adelant\u00f3 Feletti.<\/p>\n<p>El mi\u00e9rcoles \u00faltimo, el Gobierno y veinte provincias firmaron un acuerdo a trav\u00e9s del cual los gobernadores se comprometieron a poner en marcha tareas de fiscalizaci\u00f3n en sus distritos para asegurar el cumplimiento del programa.<\/p>\n<p>El acto estuvo encabezado por el presidente Alberto Fern\u00e1ndez y por las provincias estuvieron presentes -de manera presencial o virtual- los gobernadores Axel Kicillof (Buenos Aires), Ra\u00fal Jalil (Catamarca), Gustavo Bordet (Entre R\u00edos), Gildo Insfr\u00e1n (Formosa), Sergio Zillioto (La Pampa), Ricardo Quintela (La Rioja), Alicia Kirchner (Santa Cruz), Osvaldo Jaldo (Tucum\u00e1n), Jorge Capitanich (Chaco),<\/p>\n<p>Tambi\u00e9n Gerardo Morales (Jujuy), Omar Guti\u00e9rrez (Neuqu\u00e9n), Arabela Carreras (R\u00edo Negro), Gustavo Melella (Tierra del Fuego), Omar Perotti (Santa Fe), Sergio U\u00f1ac (San Juan), Mariano Arcioni (Chubut), Gustavo S\u00e1enz (Salta), Oscar Herrera Ahuad (Misiones) y Gustavo Vald\u00e9s (Corrientes).<\/p>\n<p>El acuerdo contempla las tareas de fiscalizaci\u00f3n, control, juzgamiento y sanci\u00f3n de las disposiciones establecidas en la resoluci\u00f3n 1050\/2021 que determin\u00f3 el congelamiento de precios.<\/p>\n<p><em>\u00abSomos conscientes de que las medidas de corto plazo son necesarias, pero no suficientes. Debemos tener instrumentos econ\u00f3micos e institucionales estables y permanentes que garanticen rentabilidades empresarias razonables, una distribuci\u00f3n justa del excedente a lo largo de las cadenas productivas, protegiendo a sus actores m\u00e1s d\u00e9biles, y el acceso de los trabajadores a los bienes y servicios de consumo b\u00e1sico a precios accesibles\u00bb,<\/em> subraya el documento.<\/p>\n<p>En ese sentido, tambi\u00e9n se\u00f1ala que los firmantes acuerdan<em> \u00abtrabajar de manera federal y planificada en la creaci\u00f3n de mercados concentradores descentralizados en cada regi\u00f3n del pa\u00eds\u00bb.<\/em><\/p>\n<p><em>\u00abEn ese marco, los mercados concentradores no s\u00f3lo permiten estrechar la relaci\u00f3n comercial entre productores y consumidor, sino que acompa\u00f1an y ponen en valor los esfuerzos que vienen haciendo las provincias para ampliar y diversificar la oferta productiva\u00bb,<\/em> concluye el acuerdo.<\/p>\n<p>&nbsp;<\/p>\n","protected":false},"excerpt":{"rendered":"<p>&nbsp; El Gobierno convoc\u00f3 a intendentes y gobernadores de todos los municipios y las provincias del pa\u00eds a realizar, en<\/p>\n","protected":false},"author":1,"featured_media":64284,"comment_status":"closed","ping_status":"closed","sticky":false,"template":"","format":"standard","meta":{"kia_subtitle":"","footnotes":"","jetpack_publicize_message":"","jetpack_publicize_feature_enabled":true,"jetpack_social_post_already_shared":true,"jetpack_social_options":{"image_generator_settings":{"template":"highway","default_image_id":0,"font":"","enabled":false},"version":2}},"categories":[3,41],"tags":[],"class_list":["post-64283","post","type-post","status-publish","format-standard","has-post-thumbnail","hentry","category-actualidad","category-nacionales"],"jetpack_publicize_connections":[],"jetpack_featured_media_url":"https:\/\/laurbedigital.com.ar\/noticias\/wp-content\/uploads\/2021\/10\/20211029-control.jpg","_links":{"self":[{"href":"https:\/\/laurbedigital.com.ar\/noticias\/wp-json\/wp\/v2\/posts\/64283","targetHints":{"allow":["GET"]}}],"collection":[{"href":"https:\/\/laurbedigital.com.ar\/noticias\/wp-json\/wp\/v2\/posts"}],"about":[{"href":"https:\/\/laurbedigital.com.ar\/noticias\/wp-json\/wp\/v2\/types\/post"}],"author":[{"embeddable":true,"href":"https:\/\/laurbedigital.com.ar\/noticias\/wp-json\/wp\/v2\/users\/1"}],"replies":[{"embeddable":true,"href":"https:\/\/laurbedigital.com.ar\/noticias\/wp-json\/wp\/v2\/comments?post=64283"}],"version-history":[{"count":2,"href":"https:\/\/laurbedigital.com.ar\/noticias\/wp-json\/wp\/v2\/posts\/64283\/revisions"}],"predecessor-version":[{"id":64286,"href":"https:\/\/laurbedigital.com.ar\/noticias\/wp-json\/wp\/v2\/posts\/64283\/revisions\/64286"}],"wp:featuredmedia":[{"embeddable":true,"href":"https:\/\/laurbedigital.com.ar\/noticias\/wp-json\/wp\/v2\/media\/64284"}],"wp:attachment":[{"href":"https:\/\/laurbedigital.com.ar\/noticias\/wp-json\/wp\/v2\/media?parent=64283"}],"wp:term":[{"taxonomy":"category","embeddable":true,"href":"https:\/\/laurbedigital.com.ar\/noticias\/wp-json\/wp\/v2\/categories?post=64283"},{"taxonomy":"post_tag","embeddable":true,"href":"https:\/\/laurbedigital.com.ar\/noticias\/wp-json\/wp\/v2\/tags?post=64283"}],"curies":[{"name":"wp","href":"https:\/\/api.w.org\/{rel}","templated":true}]}}