{"id":64184,"date":"2021-10-27T22:18:41","date_gmt":"2021-10-28T01:18:41","guid":{"rendered":"https:\/\/laurbedigital.com.ar\/noticias\/?p=64184"},"modified":"2021-10-27T22:18:41","modified_gmt":"2021-10-28T01:18:41","slug":"el-2021-es-uno-de-los-anos-mas-calidos-y-secos-de-las-ultimas-seis-decadas-en-argentina","status":"publish","type":"post","link":"https:\/\/laurbedigital.com.ar\/noticias\/2021\/10\/27\/el-2021-es-uno-de-los-anos-mas-calidos-y-secos-de-las-ultimas-seis-decadas-en-argentina\/","title":{"rendered":"El 2021 es uno de los a\u00f1os m\u00e1s c\u00e1lidos y secos de las \u00faltimas seis d\u00e9cadas en Argentina"},"content":{"rendered":"<p>&nbsp;<\/p>\n<h5>El per\u00edodo entre enero y septiembre de 2021 es el s\u00e9ptimo m\u00e1s c\u00e1lido y el octavo m\u00e1s seco de los \u00faltimos 60 a\u00f1os, seg\u00fan los datos presentados hoy por el Servicio Meteorol\u00f3gico Nacional (SMN) durante la Mesa Ampliada del Gabinete Nacional de Cambio Clim\u00e1tico, en la que las autoridades nacionales ratificaron que Argentina presentar\u00e1 ante la ONU una actualizaci\u00f3n de su compromiso de reducci\u00f3n de emisiones de carbono.<\/h5>\n<p>La informaci\u00f3n fue presentada a trav\u00e9s de una videoconferencia de la que participaron organizaciones sociales, universidades, instituciones y gobiernos locales para abordar la participaci\u00f3n de Argentina en la Conferencia de las Naciones Unidas sobre el Cambio Clim\u00e1tico de 2021 (Cop26) que comienza este domingo en la ciudad escocesa de Glasgow.<\/p>\n<p>El presidente Alberto Fern\u00e1ndez ya hab\u00eda adelantado en abril de este a\u00f1o la voluntad de Argentina para aumentar su compromiso respecto del anuncio de 2020, en el que propon\u00eda reducir sus emisiones para 2030 a 358,8 megatoneladas de di\u00f3xido de carbono, y establecer un nuevo objetivo de 349,16 megatoneladas en ese plazo.<\/p>\n<p>La directora del Servicio Meteorol\u00f3gico Nacional (SMN), Celeste Saulo, inform\u00f3 que <em>\u201ccon los datos recabados hasta septiembre el 2021 se ubica como el s\u00e9ptimo m\u00e1s c\u00e1lido y el octavo m\u00e1s seco desde 1961, adem\u00e1s se registraron tres olas de calor y tres olas de fr\u00edo muy intensas\u201d.<\/em><\/p>\n<p><em>\u201cEn lo que va del a\u00f1o los mayores aumentos de temperatura se registraron en la Patagonia, mientras que la cuenca del Paran\u00e1 presenta la bajante m\u00e1s extrema desde 1944 y la zona cordillerana atraviesa una importante sequ\u00eda\u201d,<\/em> detall\u00f3.<\/p>\n<p>Saulo apunt\u00f3 que <em>\u201cvenimos de un invierno seco y sin nevadas y en la comparaci\u00f3n interanual se registran aumentos de las concentraciones de di\u00f3xido de carbono y metano en la atm\u00f3sfera; tambi\u00e9n se manifiesta una evoluci\u00f3n del agujero de ozono en un a\u00f1o en que 5 de las 6 bases permanentes que Argentina tiene en su territorio ant\u00e1rtico marcaron temperaturas sobre cero\u201d.<\/em><\/p>\n<p><em>\u201cEl 22 de enero la ciudad rionegrina de Cipolletti marc\u00f3 una m\u00e1xima de 43,8 grados y hubo localidades que sufrieron olas de calor de hasta ocho d\u00edas consecutivos, mientras que el 15 de junio la ciudad rionegrina de Maquinchao registr\u00f3 una m\u00ednima de 15,3 grados bajo cero y un d\u00eda despu\u00e9s hubo nevadas inusuales en C\u00f3rdoba y San Luis; este a\u00f1o tambi\u00e9n hubo olas de fr\u00edo en provincias como Chaco o Formosa\u201d,<\/em> ejemplific\u00f3.<\/p>\n<p>La funcionaria a\u00f1adi\u00f3 que <em>\u201cLa cuenca del Paran\u00e1 presenta en estos momentos una situaci\u00f3n de sequ\u00eda extrema o excepcional en el 64 por ciento de su extensi\u00f3n, y en un a\u00f1o seco tambi\u00e9n se vivieron lluvias extraordinarias como la que afect\u00f3 a la localidad bonaerense de Dolores, donde en un solo d\u00eda cayeron 276 mm que es lo que en ese lugar llueve en tres meses\u201d.<\/em><\/p>\n<p><em>\u201cA nivel global la temperatura de enero a septiembre fue la m\u00e1s alta desde 1880, mientras que la temperatura de septiembre fue la m\u00e1s alta desde 1880\u201d,<\/em> complet\u00f3 Saulo.<\/p>\n<p>El secretario de Cambio Clim\u00e1tico, Desarrollo Sostenible e Innovaci\u00f3n del Ministerio de Ambiente, Rodrigo Rodr\u00edguez Tornquist, afirm\u00f3 que <em>\u201cla evidencia cient\u00edfica sobre el impacto del cambio clim\u00e1tico aceler\u00f3 la discusi\u00f3n pol\u00edtica en todo el mundo, y creemos importante sostener que frente a este desaf\u00edo todos los pa\u00edses tenemos responsabilidades comunes pero diferenciadas\u201d.<\/em><\/p>\n<p><em>\u201cEntendemos que los ejes m\u00e1s importantes para avanzar son la concientizaci\u00f3n, la planificaci\u00f3n estrat\u00e9gica, el fortalecimiento de capacidades y especialmente la participaci\u00f3n p\u00fablica\u201d,<\/em> complet\u00f3 Rodr\u00edguez Tornquist.<\/p>\n<p>La directora Nacional de Cambio Clim\u00e1tico, Florencia Mitchell, afirm\u00f3 en tanto que <em>\u201cla estrategia argentina para abordar esta problem\u00e1tica est\u00e1 basada en la transici\u00f3n energ\u00e9tica; el transporte sustentable; la gesti\u00f3n de agricultura, ganader\u00eda, pesca y bosques; la conservaci\u00f3n de ecosistemas y recursos naturales; y la transici\u00f3n productiva\u201d.<\/em><\/p>\n<p><em>\u201cRespecto de la transici\u00f3n energ\u00e9tica el objetivo es avanzar sobre la eficiencia, la resiliencia del sistema, el desarrollo del hidr\u00f3geno, la federalizaci\u00f3n, el desarrollo de tecnolog\u00edas nacionales, el impulso a las energ\u00edas limpias y la gasificaci\u00f3n\u201d,<\/em> indic\u00f3.<\/p>\n<p>Mitchell sostuvo que <em>\u201cen referencia al transporte sostenible se busca fortalecer la planificaci\u00f3n urbana, el aprovechamiento de v\u00edas navegables, el reemplazo de combustibles f\u00f3siles y la adaptaci\u00f3n de la infraestructura\u201d.<\/em><\/p>\n<p><em>\u201cEn la gesti\u00f3n de la agricultura, la ganader\u00eda, la pesca y los bosques se busca trabajar sobre la actividad ganadera, la deforestaci\u00f3n, la gesti\u00f3n de riesgos, la diversificaci\u00f3n de la producci\u00f3n, el manejo integrado de ecosistemas, y la reubicaci\u00f3n y arraigo\u201d,<\/em> mencion\u00f3.<\/p>\n<p>La funcionaria remarc\u00f3 que<em> \u201cuno de los objetivos para proteger nuestros ecosistemas es el ordenamiento del territorio, la conectividad de paisajes, el manejo adaptativo, las tareas de restauraci\u00f3n y la ampliaci\u00f3n de la superficie de conservaci\u00f3n\u201d.<\/em><\/p>\n<p><em>\u201cLa transici\u00f3n productiva implica avanzar en la gesti\u00f3n de riesgos, el desarrollo de cadenas de valor y la valorizaci\u00f3n de corrientes residuales\u201d,<\/em> indic\u00f3.<\/p>\n<p><em>\u201cEn el eje que concebimos como territorios sostenibles y resilientes se busca avanzar en la gesti\u00f3n de recursos h\u00eddricos, la de los residuos y efluentes, la prevenci\u00f3n y contingencia de eventos extremos, h\u00e1bitats y viviendas sostenibles, la generaci\u00f3n distribuida de energ\u00eda, la producci\u00f3n local de alimentos y la infraestructura verde\u201d,<\/em> finaliz\u00f3 Mitchell.<\/p>\n<p>&nbsp;<\/p>\n<p>&nbsp;<\/p>\n","protected":false},"excerpt":{"rendered":"<p>&nbsp; El per\u00edodo entre enero y septiembre de 2021 es el s\u00e9ptimo m\u00e1s c\u00e1lido y el octavo m\u00e1s seco de<\/p>\n","protected":false},"author":1,"featured_media":64185,"comment_status":"closed","ping_status":"closed","sticky":false,"template":"","format":"standard","meta":{"kia_subtitle":"","footnotes":"","jetpack_publicize_message":"","jetpack_publicize_feature_enabled":true,"jetpack_social_post_already_shared":true,"jetpack_social_options":{"image_generator_settings":{"template":"highway","default_image_id":0,"font":"","enabled":false},"version":2}},"categories":[3,41],"tags":[],"class_list":["post-64184","post","type-post","status-publish","format-standard","has-post-thumbnail","hentry","category-actualidad","category-nacionales"],"jetpack_publicize_connections":[],"jetpack_featured_media_url":"https:\/\/laurbedigital.com.ar\/noticias\/wp-content\/uploads\/2021\/10\/20211027-Calor.jpg","_links":{"self":[{"href":"https:\/\/laurbedigital.com.ar\/noticias\/wp-json\/wp\/v2\/posts\/64184","targetHints":{"allow":["GET"]}}],"collection":[{"href":"https:\/\/laurbedigital.com.ar\/noticias\/wp-json\/wp\/v2\/posts"}],"about":[{"href":"https:\/\/laurbedigital.com.ar\/noticias\/wp-json\/wp\/v2\/types\/post"}],"author":[{"embeddable":true,"href":"https:\/\/laurbedigital.com.ar\/noticias\/wp-json\/wp\/v2\/users\/1"}],"replies":[{"embeddable":true,"href":"https:\/\/laurbedigital.com.ar\/noticias\/wp-json\/wp\/v2\/comments?post=64184"}],"version-history":[{"count":1,"href":"https:\/\/laurbedigital.com.ar\/noticias\/wp-json\/wp\/v2\/posts\/64184\/revisions"}],"predecessor-version":[{"id":64186,"href":"https:\/\/laurbedigital.com.ar\/noticias\/wp-json\/wp\/v2\/posts\/64184\/revisions\/64186"}],"wp:featuredmedia":[{"embeddable":true,"href":"https:\/\/laurbedigital.com.ar\/noticias\/wp-json\/wp\/v2\/media\/64185"}],"wp:attachment":[{"href":"https:\/\/laurbedigital.com.ar\/noticias\/wp-json\/wp\/v2\/media?parent=64184"}],"wp:term":[{"taxonomy":"category","embeddable":true,"href":"https:\/\/laurbedigital.com.ar\/noticias\/wp-json\/wp\/v2\/categories?post=64184"},{"taxonomy":"post_tag","embeddable":true,"href":"https:\/\/laurbedigital.com.ar\/noticias\/wp-json\/wp\/v2\/tags?post=64184"}],"curies":[{"name":"wp","href":"https:\/\/api.w.org\/{rel}","templated":true}]}}