{"id":64019,"date":"2021-10-25T09:17:50","date_gmt":"2021-10-25T12:17:50","guid":{"rendered":"https:\/\/laurbedigital.com.ar\/noticias\/?p=64019"},"modified":"2021-10-25T09:17:50","modified_gmt":"2021-10-25T12:17:50","slug":"desde-hoy-no-habra-limite-de-ocupacion-en-el-transporte-publico","status":"publish","type":"post","link":"https:\/\/laurbedigital.com.ar\/noticias\/2021\/10\/25\/desde-hoy-no-habra-limite-de-ocupacion-en-el-transporte-publico\/","title":{"rendered":"Desde hoy, no habr\u00e1 l\u00edmite de ocupaci\u00f3n en el transporte p\u00fablico"},"content":{"rendered":"<p>&nbsp;<\/p>\n<h5>Al dejar de haber l\u00edmite en el aforo en el transporte p\u00fablico de pasajeros, las empresas deber\u00e1n garantizar la m\u00e1xima frecuencia de sus servicios, tomando en cuenta la disponibilidad de veh\u00edculos y personal de conducci\u00f3n habilitados.<\/h5>\n<p>Los colectivos urbanos y suburbanos y los trenes metropolitanos y regionales no tendr\u00e1n desde este lunes un l\u00edmite de ocupaci\u00f3n en la cantidad de usuarias y usuarios transportados, aunque<strong>\u00a0las empresas deber\u00e1n garantizar la m\u00e1xima frecuencia de sus servicios y que todos los veh\u00edculos circulen con las ventanillas abiertas.<\/strong><\/p>\n<p>La medida se formaliz\u00f3 a trav\u00e9s de la publicaci\u00f3n en el Bolet\u00edn Oficial de la resoluci\u00f3n 389\/2021 del Ministerio de Transporte y busca adaptar la normativa a la actual mejor\u00eda sanitaria producto del Plan Nacional de Vacunaci\u00f3n.<\/p>\n<p><img loading=\"lazy\" decoding=\"async\" class=\"wp-image-64021 alignright\" src=\"https:\/\/laurbedigital.com.ar\/noticias\/wp-content\/uploads\/2021\/10\/20211025-transporte-tren-trenes.jpg\" alt=\"\" width=\"440\" height=\"245\" title=\"\" srcset=\"https:\/\/laurbedigital.com.ar\/noticias\/wp-content\/uploads\/2021\/10\/20211025-transporte-tren-trenes.jpg 768w, https:\/\/laurbedigital.com.ar\/noticias\/wp-content\/uploads\/2021\/10\/20211025-transporte-tren-trenes-300x167.jpg 300w\" sizes=\"auto, (max-width: 440px) 100vw, 440px\" \/>Al dejar de haber l\u00edmite en el aforo en el transporte p\u00fablico de pasajeros, las empresas deber\u00e1n garantizar la m\u00e1xima frecuencia de sus servicios, tomando en cuenta la disponibilidad de veh\u00edculos y personal de conducci\u00f3n habilitados.<\/p>\n<p>Asimismo, los veh\u00edculos circular\u00e1n con la totalidad de las ventanas y\/o ventanillas abiertas.<\/p>\n<p>En l\u00ednea con las disposiciones de la Comisi\u00f3n Nacional de Regulaci\u00f3n del Transporte (CNRT),\u00a0<strong>se extremar\u00e1n los recaudos para la desinfecci\u00f3n e higiene\u00a0<\/strong>de los veh\u00edculos, cumpliendo con las medidas que determine la autoridad sanitaria; se garantizar\u00e1 la circulaci\u00f3n interna dentro del veh\u00edculo y se exigir\u00e1 el uso obligatorio de elementos de protecci\u00f3n para seguir <em>\u00abfomentando el respeto por el distanciamiento social, tanto en paradas, como en estaciones y apeaderos\u00bb.<\/em><\/p>\n<p>De todos modos,\u00a0<strong>se recomend\u00f3 en lo posible la utilizaci\u00f3n de medios de movilidad personal<\/strong>\u00a0y el uso de los servicios de transporte p\u00fablico fuera de los horarios de mayor demanda, para evitar las aglomeraciones de personas.<\/p>\n<p>La medida de hoy excluye a las zonas, provincias o regiones que se encuentren en situaci\u00f3n de alarma epidemiol\u00f3gica, donde el uso de los servicios p\u00fablicos de pasajeros quedar\u00e1 reservado exclusivamente a aquellos afectados a las actividades y servicios esenciales, explic\u00f3 la cartera de Transporte.<\/p>\n<p>En estos casos, los veh\u00edculos no podr\u00e1n superar la capacidad de asientos disponibles, con excepci\u00f3n de los horarios de mayor demanda que se permitir\u00e1 hasta 10 personas de pie.<\/p>\n<p>&nbsp;<\/p>\n<p>&nbsp;<\/p>\n","protected":false},"excerpt":{"rendered":"<p>&nbsp; Al dejar de haber l\u00edmite en el aforo en el transporte p\u00fablico de pasajeros, las empresas deber\u00e1n garantizar la<\/p>\n","protected":false},"author":1,"featured_media":64020,"comment_status":"closed","ping_status":"closed","sticky":false,"template":"","format":"standard","meta":{"kia_subtitle":"","footnotes":"","jetpack_publicize_message":"","jetpack_publicize_feature_enabled":true,"jetpack_social_post_already_shared":true,"jetpack_social_options":{"image_generator_settings":{"template":"highway","default_image_id":0,"font":"","enabled":false},"version":2}},"categories":[13],"tags":[],"class_list":["post-64019","post","type-post","status-publish","format-standard","has-post-thumbnail","hentry","category-region"],"jetpack_publicize_connections":[],"jetpack_featured_media_url":"https:\/\/laurbedigital.com.ar\/noticias\/wp-content\/uploads\/2021\/10\/20211025-transporte.jpg","_links":{"self":[{"href":"https:\/\/laurbedigital.com.ar\/noticias\/wp-json\/wp\/v2\/posts\/64019","targetHints":{"allow":["GET"]}}],"collection":[{"href":"https:\/\/laurbedigital.com.ar\/noticias\/wp-json\/wp\/v2\/posts"}],"about":[{"href":"https:\/\/laurbedigital.com.ar\/noticias\/wp-json\/wp\/v2\/types\/post"}],"author":[{"embeddable":true,"href":"https:\/\/laurbedigital.com.ar\/noticias\/wp-json\/wp\/v2\/users\/1"}],"replies":[{"embeddable":true,"href":"https:\/\/laurbedigital.com.ar\/noticias\/wp-json\/wp\/v2\/comments?post=64019"}],"version-history":[{"count":3,"href":"https:\/\/laurbedigital.com.ar\/noticias\/wp-json\/wp\/v2\/posts\/64019\/revisions"}],"predecessor-version":[{"id":64024,"href":"https:\/\/laurbedigital.com.ar\/noticias\/wp-json\/wp\/v2\/posts\/64019\/revisions\/64024"}],"wp:featuredmedia":[{"embeddable":true,"href":"https:\/\/laurbedigital.com.ar\/noticias\/wp-json\/wp\/v2\/media\/64020"}],"wp:attachment":[{"href":"https:\/\/laurbedigital.com.ar\/noticias\/wp-json\/wp\/v2\/media?parent=64019"}],"wp:term":[{"taxonomy":"category","embeddable":true,"href":"https:\/\/laurbedigital.com.ar\/noticias\/wp-json\/wp\/v2\/categories?post=64019"},{"taxonomy":"post_tag","embeddable":true,"href":"https:\/\/laurbedigital.com.ar\/noticias\/wp-json\/wp\/v2\/tags?post=64019"}],"curies":[{"name":"wp","href":"https:\/\/api.w.org\/{rel}","templated":true}]}}