{"id":63657,"date":"2021-10-19T09:42:14","date_gmt":"2021-10-19T12:42:14","guid":{"rendered":"https:\/\/laurbedigital.com.ar\/noticias\/?p=63657"},"modified":"2021-10-19T09:42:14","modified_gmt":"2021-10-19T12:42:14","slug":"el-gran-regreso-de-un-monstruo-clasico-en-cazafantasmas-mas-alla","status":"publish","type":"post","link":"https:\/\/laurbedigital.com.ar\/noticias\/2021\/10\/19\/el-gran-regreso-de-un-monstruo-clasico-en-cazafantasmas-mas-alla\/","title":{"rendered":"El gran regreso de un monstruo cl\u00e1sico en Cazafantasmas: M\u00e1s all\u00e1"},"content":{"rendered":"<p>&nbsp;<\/p>\n<h5>Sony Pictures ha estrenado un nuevo tr\u00e1iler internacional de <em>Cazafantasmas: M\u00e1s all\u00e1<\/em>, y muestra el regreso de un ic\u00f3nico monstruo de la franquicia<\/h5>\n<p>Sony Pictures ha lanzado un nuevo tr\u00e1iler internacional de<em> Cazafantasmas: M\u00e1s all\u00e1<\/em>, y aunque muestra algunas escenas de promociones anteriores, este adelanto muestra un mont\u00f3n de nuevas im\u00e1genes de la tercera pel\u00edcula de la franquicia (la anterior era un reboot).<\/p>\n<p>Cuando se levant\u00f3 el embargo de rese\u00f1as la semana pasada, muchos cr\u00edticos coincidieron en como <em>Cazafantasmas: M\u00e1s all\u00e1<\/em> tira de nostalgia sin tapujos revel\u00e1ndose como una digna secuela de las pel\u00edculas de Ivan Reitman. Y parece que en este nuevo avance la gente de marketing de Sony ha tomado nota revelando el regreso de los ic\u00f3nicos monstruos de la primera pel\u00edcula.<\/p>\n<p>En concreto podemos ver al <strong>guardi\u00e1n de las llaves, Vinz Clortho<\/strong> <strong>y al guardi\u00e1n de la puerta, Zuul<\/strong>, o quiz\u00e1s solo a uno de ellos, estas criaturas son una especie de perros guardianes que sirven a Gozer, una antigua y monstruosa deidad ultrapoderosa adorada por los hititas, mesopot\u00e1micos y sumerios hacia el a\u00f1o 6000 a.C. que regresaba a la ciudad de Nueva York para preparar la destrucci\u00f3n del mundo. Habr\u00e1 que esperar a ver si tambi\u00e9n entrar\u00e1 en acci\u00f3n el gran villano de aquella pel\u00edcula en esta.<\/p>\n<p><iframe loading=\"lazy\" title=\"YouTube video player\" src=\"https:\/\/www.youtube.com\/embed\/lnKmAVLC3jU\" width=\"810\" height=\"455\" frameborder=\"0\" allowfullscreen=\"allowfullscreen\"><\/iframe><\/p>\n<p>&nbsp;<\/p>\n<p>&nbsp;<\/p>\n","protected":false},"excerpt":{"rendered":"<p>&nbsp; Sony Pictures ha estrenado un nuevo tr\u00e1iler internacional de Cazafantasmas: M\u00e1s all\u00e1, y muestra el regreso de un ic\u00f3nico<\/p>\n","protected":false},"author":1,"featured_media":63658,"comment_status":"closed","ping_status":"closed","sticky":false,"template":"","format":"standard","meta":{"kia_subtitle":"","footnotes":"","jetpack_publicize_message":"","jetpack_publicize_feature_enabled":true,"jetpack_social_post_already_shared":true,"jetpack_social_options":{"image_generator_settings":{"template":"highway","default_image_id":0,"font":"","enabled":false},"version":2}},"categories":[68],"tags":[],"class_list":["post-63657","post","type-post","status-publish","format-standard","has-post-thumbnail","hentry","category-cine-y-series"],"jetpack_publicize_connections":[],"jetpack_featured_media_url":"https:\/\/laurbedigital.com.ar\/noticias\/wp-content\/uploads\/2021\/10\/20211019-Casa-Fantasmas.jpg","_links":{"self":[{"href":"https:\/\/laurbedigital.com.ar\/noticias\/wp-json\/wp\/v2\/posts\/63657","targetHints":{"allow":["GET"]}}],"collection":[{"href":"https:\/\/laurbedigital.com.ar\/noticias\/wp-json\/wp\/v2\/posts"}],"about":[{"href":"https:\/\/laurbedigital.com.ar\/noticias\/wp-json\/wp\/v2\/types\/post"}],"author":[{"embeddable":true,"href":"https:\/\/laurbedigital.com.ar\/noticias\/wp-json\/wp\/v2\/users\/1"}],"replies":[{"embeddable":true,"href":"https:\/\/laurbedigital.com.ar\/noticias\/wp-json\/wp\/v2\/comments?post=63657"}],"version-history":[{"count":2,"href":"https:\/\/laurbedigital.com.ar\/noticias\/wp-json\/wp\/v2\/posts\/63657\/revisions"}],"predecessor-version":[{"id":63660,"href":"https:\/\/laurbedigital.com.ar\/noticias\/wp-json\/wp\/v2\/posts\/63657\/revisions\/63660"}],"wp:featuredmedia":[{"embeddable":true,"href":"https:\/\/laurbedigital.com.ar\/noticias\/wp-json\/wp\/v2\/media\/63658"}],"wp:attachment":[{"href":"https:\/\/laurbedigital.com.ar\/noticias\/wp-json\/wp\/v2\/media?parent=63657"}],"wp:term":[{"taxonomy":"category","embeddable":true,"href":"https:\/\/laurbedigital.com.ar\/noticias\/wp-json\/wp\/v2\/categories?post=63657"},{"taxonomy":"post_tag","embeddable":true,"href":"https:\/\/laurbedigital.com.ar\/noticias\/wp-json\/wp\/v2\/tags?post=63657"}],"curies":[{"name":"wp","href":"https:\/\/api.w.org\/{rel}","templated":true}]}}