{"id":63402,"date":"2021-10-14T22:01:56","date_gmt":"2021-10-15T01:01:56","guid":{"rendered":"https:\/\/laurbedigital.com.ar\/noticias\/?p=63402"},"modified":"2021-10-14T22:01:56","modified_gmt":"2021-10-15T01:01:56","slug":"el-festival-de-doma-y-folclore-de-jesus-maria-se-realizara-del-6-al-17-de-enero","status":"publish","type":"post","link":"https:\/\/laurbedigital.com.ar\/noticias\/2021\/10\/14\/el-festival-de-doma-y-folclore-de-jesus-maria-se-realizara-del-6-al-17-de-enero\/","title":{"rendered":"El Festival de Doma y Folclore de Jes\u00fas Mar\u00eda se realizar\u00e1 del 6 al 17 de enero"},"content":{"rendered":"<p>&nbsp;<\/p>\n<h5>El Festival Nacional de Doma y Folclore de Jes\u00fas Mar\u00eda 2022, que se realizar\u00e1 en C\u00f3rdoba del 6 al 17 de enero pr\u00f3ximos en el Anfiteatro Jos\u00e9 Hern\u00e1ndez, tendr\u00e1 la participaci\u00f3n de El Chaque\u00f1o Palavecino, Jairo, Palito Ortega, Soledad Pastorutti, Los Nocheros, Luciano Pereyra, Abel Pintos y Raly Barrionuevo, entre otros.<\/h5>\n<p>La apertura del festival estar\u00e1 a cargo de Raly Barrionuevo, quien ser\u00e1 sucedido por el D\u00fao Coplanacu, Cuti y Roberto Carabajal y Los Viscacheros, mientras que la segunda jornada estar\u00e1 a cargo de Los Manseros Santiague\u00f1os, Nestors Garnica, Las Voces de Or\u00e1n, La Callejera, La Pilarcita y Dami\u00e1n C\u00f3rdoba, seg\u00fan la web del festival.<\/p>\n<p>En tanto, el s\u00e1bado 8 se presentar\u00e1n Jorge Rojas, Nahuel Pennisi, Orellana Lucca, Juje\u00f1os, Los Pampas, La Clave Tr\u00edo y Salitral, y un d\u00eda despu\u00e9s estar\u00e1n Palito Ortega, Los Nocheros, Roxana Carabajal, La Zapada, Sauda y Los Wapay del Valle.<\/p>\n<p>Por otra parte, el 10 de enero habr\u00e1 shows de Los Tekis, Los Alonsitos, Lele Lovato, Canto del Alma, Loy Lorena Carrizo, Los Arrieros de Salta y Q&#8217; Lokura, y el martes 11 ser\u00e1 el turno de Sergio Galleguillo, Los Carabajal, Los Umbides, Los Legales, 5 Sentidos y Dale Q&#8217; Va.<\/p>\n<p><img loading=\"lazy\" decoding=\"async\" class=\" wp-image-63405 alignright\" src=\"https:\/\/laurbedigital.com.ar\/noticias\/wp-content\/uploads\/2021\/10\/20211014-Jesus-Maria-2.jpg\" alt=\"\" width=\"458\" height=\"255\" title=\"\" srcset=\"https:\/\/laurbedigital.com.ar\/noticias\/wp-content\/uploads\/2021\/10\/20211014-Jesus-Maria-2.jpg 768w, https:\/\/laurbedigital.com.ar\/noticias\/wp-content\/uploads\/2021\/10\/20211014-Jesus-Maria-2-300x167.jpg 300w\" sizes=\"auto, (max-width: 458px) 100vw, 458px\" \/> Tambi\u00e9n participar\u00e1n del encuentro folcl\u00f3rico Abel Pintos, Ceibo, Llokallas, Jesica Benavidez, Los Fulanos, Indigo y Marcos Basillico el 12 de enero y Ahyre, Indio Lucio Rojas, Guitarreros, Los Izquierdos de la Cueva, Cuerdas del Norte y Pocha Galv\u00e1n har\u00e1n lo propio un d\u00eda m\u00e1s tarde.<\/p>\n<p>El viernes 14 tocar\u00e1n El Chaque\u00f1o Palavecino, Los 4 de C\u00f3rdoba, Los Trajinantes, Kepianco, Milena Salamanca, La Cuja, Gast\u00f3n Cordero y Ulises Bueno; mientras que se presentar\u00e1n durante la siguiente jornada Soledad Pastorutti, Jairo, Horacio Banegas, Por Siempre Tucu, Adri\u00e1n Maggi, Los Tradicionales Cantores del Alba, Pajarito y Ricardo Palavecino.<\/p>\n<p>Por \u00faltimo, el 16 de enero estar\u00e1n en el escenario Luciano Pereyra, Emiliano Zerbini, Cabales, Florencia Paz, La Bordona y La Barra, y cerrar\u00e1n el festival el lunes 17 Tini, Los Palmeras, Los Giovos y DJ An Fontana.<\/p>\n<p>&nbsp;<\/p>\n<p>&nbsp;<\/p>\n","protected":false},"excerpt":{"rendered":"<p>&nbsp; El Festival Nacional de Doma y Folclore de Jes\u00fas Mar\u00eda 2022, que se realizar\u00e1 en C\u00f3rdoba del 6 al<\/p>\n","protected":false},"author":1,"featured_media":63404,"comment_status":"closed","ping_status":"closed","sticky":false,"template":"","format":"standard","meta":{"kia_subtitle":"","footnotes":"","jetpack_publicize_message":"","jetpack_publicize_feature_enabled":true,"jetpack_social_post_already_shared":true,"jetpack_social_options":{"image_generator_settings":{"template":"highway","default_image_id":0,"font":"","enabled":false},"version":2}},"categories":[68],"tags":[],"class_list":["post-63402","post","type-post","status-publish","format-standard","has-post-thumbnail","hentry","category-cine-y-series"],"jetpack_publicize_connections":[],"jetpack_featured_media_url":"https:\/\/laurbedigital.com.ar\/noticias\/wp-content\/uploads\/2021\/10\/20211014-Jesus-Maria-1.jpg","_links":{"self":[{"href":"https:\/\/laurbedigital.com.ar\/noticias\/wp-json\/wp\/v2\/posts\/63402","targetHints":{"allow":["GET"]}}],"collection":[{"href":"https:\/\/laurbedigital.com.ar\/noticias\/wp-json\/wp\/v2\/posts"}],"about":[{"href":"https:\/\/laurbedigital.com.ar\/noticias\/wp-json\/wp\/v2\/types\/post"}],"author":[{"embeddable":true,"href":"https:\/\/laurbedigital.com.ar\/noticias\/wp-json\/wp\/v2\/users\/1"}],"replies":[{"embeddable":true,"href":"https:\/\/laurbedigital.com.ar\/noticias\/wp-json\/wp\/v2\/comments?post=63402"}],"version-history":[{"count":2,"href":"https:\/\/laurbedigital.com.ar\/noticias\/wp-json\/wp\/v2\/posts\/63402\/revisions"}],"predecessor-version":[{"id":63407,"href":"https:\/\/laurbedigital.com.ar\/noticias\/wp-json\/wp\/v2\/posts\/63402\/revisions\/63407"}],"wp:featuredmedia":[{"embeddable":true,"href":"https:\/\/laurbedigital.com.ar\/noticias\/wp-json\/wp\/v2\/media\/63404"}],"wp:attachment":[{"href":"https:\/\/laurbedigital.com.ar\/noticias\/wp-json\/wp\/v2\/media?parent=63402"}],"wp:term":[{"taxonomy":"category","embeddable":true,"href":"https:\/\/laurbedigital.com.ar\/noticias\/wp-json\/wp\/v2\/categories?post=63402"},{"taxonomy":"post_tag","embeddable":true,"href":"https:\/\/laurbedigital.com.ar\/noticias\/wp-json\/wp\/v2\/tags?post=63402"}],"curies":[{"name":"wp","href":"https:\/\/api.w.org\/{rel}","templated":true}]}}