{"id":6305,"date":"2017-01-26T17:26:28","date_gmt":"2017-01-26T20:26:28","guid":{"rendered":"http:\/\/laurbedigital.com.ar\/noticias\/?p=6305"},"modified":"2017-01-26T17:26:28","modified_gmt":"2017-01-26T20:26:28","slug":"el-municipio-realiza-obras-en-las-escuelas-de-brown-durante-el-receso-de-verano","status":"publish","type":"post","link":"https:\/\/laurbedigital.com.ar\/noticias\/2017\/01\/26\/el-municipio-realiza-obras-en-las-escuelas-de-brown-durante-el-receso-de-verano\/","title":{"rendered":"El Municipio realiza obras en las escuelas de Brown durante el receso de verano"},"content":{"rendered":"<div id=\"m_-7739843849288157542yiv6726941481yui_3_16_0_ym19_1_1485367963092_31098\"><span id=\"m_-7739843849288157542yiv6726941481yui_3_16_0_ym19_1_1485367963092_31099\">Al igual que a principios de 2016, el Gobierno Municipal de Almirante Brown aprovecha el receso estival para refaccionar las\u00a0 escuelas p\u00fablicas del distrito con el objetivo de mejorar sus condiciones edilicias para el inicio del nuevo ciclo lectivo.<\/span><\/div>\n<div id=\"m_-7739843849288157542yiv6726941481yui_3_16_0_ym19_1_1485367963092_31098\"><\/div>\n<div id=\"m_-7739843849288157542yiv6726941481yui_3_16_0_ym19_1_1485367963092_31101\"><span id=\"m_-7739843849288157542yiv6726941481yui_3_16_0_ym19_1_1485367963092_31102\">Priorizando los trabajos de acuerdo a las necesidades y urgencias de cada una de las instituciones educativas provinciales, comenz\u00f3 este mes la construcci\u00f3n de aulas en los siguientes establecimientos: EEE 503 y ESB 50\/EP 60 de Glew;\u00a0 EES 51\/EP 55 y EES 41\/ EP 52 de Burzaco; la ESB 10\/EP 54 de Rafael Calzada; EES 36\/ EP 79 de Longchamps y la ES 19 de la localidad de Claypole.<\/span><\/div>\n<div id=\"m_-7739843849288157542yiv6726941481yui_3_16_0_ym19_1_1485367963092_31101\"><\/div>\n<div id=\"m_-7739843849288157542yiv6726941481yui_3_16_0_ym19_1_1485367963092_31104\"><span id=\"m_-7739843849288157542yiv6726941481yui_3_16_0_ym19_1_1485367963092_31105\">Asimismo se iniciaron obras como la reparaci\u00f3n de ba\u00f1os, impermeabilizaci\u00f3n de techos y desag\u00fces pluviales en los edificios donde funcionan los \u00a0jardines de Infantes 955 (EP 72) y \u00a0921 de Rafael Calzada.<\/span><\/div>\n<div id=\"m_-7739843849288157542yiv6726941481yui_3_16_0_ym19_1_1485367963092_31104\"><\/div>\n<div id=\"m_-7739843849288157542yiv6726941481yui_3_16_0_ym19_1_1485367963092_31104\"><span id=\"m_-7739843849288157542yui_3_16_0_ym19_1_1485358813771_446481\">Al t\u00e9rmino de estos trabajos se realizar\u00e1 la creaci\u00f3n de aulas, arreglo de cubiertas y colocaci\u00f3n de mallado de protecci\u00f3n en la ESB 59\/EP 71 tambi\u00e9n de Rafael Calzada. En los pr\u00f3ximos d\u00edas tambi\u00e9n se iniciar\u00e1 el arreglo de los ba\u00f1os \u00a0de la Escuela T\u00e9cnica N\u00b0 6 de Malvinas Argentinas.<\/span><\/div>\n<div id=\"m_-7739843849288157542yiv6726941481yui_3_16_0_ym19_1_1485367963092_31107\"><\/div>\n<div id=\"m_-7739843849288157542yiv6726941481yui_3_16_0_ym19_1_1485367963092_31107\"><span id=\"m_-7739843849288157542yiv6726941481yui_3_16_0_ym19_1_1485367963092_31108\">Entre estas obras ha quedado concluida la construcci\u00f3n de los muros exteriores y del gabinete pedag\u00f3gico de la escuela primaria Nro. 60 de Longchamps, inform\u00f3 el Municipio que conduce Mariano Cascallares.<\/span><\/div>\n<div id=\"m_-7739843849288157542yiv6726941481yui_3_16_0_ym19_1_1485367963092_31107\"><\/div>\n<div id=\"m_-7739843849288157542yiv6726941481yui_3_16_0_ym19_1_1485367963092_31110\"><span id=\"m_-7739843849288157542yiv6726941481yui_3_16_0_ym19_1_1485367963092_31111\">Se prev\u00e9 en tanto para el mes de febrero la refuncionalizaci\u00f3n del jard\u00edn de Infantes Los \u00c1lamos de Glew, y la construcci\u00f3n de aulas en los edificios de la ESB 80\/EP 81 de Glew y la EES 46\/EP 80 de Claypole.<\/span><\/div>\n<div id=\"m_-7739843849288157542yiv6726941481yui_3_16_0_ym19_1_1485367963092_31110\"><\/div>\n<div id=\"m_-7739843849288157542yiv6726941481yui_3_16_0_ym19_1_1485367963092_31113\"><span id=\"m_-7739843849288157542yiv6726941481yui_3_16_0_ym19_1_1485367963092_31114\">Se est\u00e1 llevando a cabo la apertura de las licitaciones para la ejecuci\u00f3n de otras numerosas tareas previstas en \u00a0diversos establecimientos escolares la \u00f3rbita provincial del distrito.\u00a0<span id=\"m_-7739843849288157542yui_3_16_0_ym19_1_1485358813771_446482\">Mientras tanto, se trabaja para avanzar con la consstrucci\u00f3n de playones deportivos en otras \u00a0instituciones.<\/span> <\/span><\/div>\n<div id=\"m_-7739843849288157542yiv6726941481yui_3_16_0_ym19_1_1485367963092_31113\"><\/div>\n<div id=\"m_-7739843849288157542yiv6726941481yui_3_16_0_ym19_1_1485367963092_31116\"><span id=\"m_-7739843849288157542yiv6726941481yui_3_16_0_ym19_1_1485367963092_31117\">Cabe se\u00f1alar que los trabajos se enmarcan en\u00a0 las\u00a0 pol\u00edticas\u00a0 fijadas por el intendente Mariano Cascallares de priorizar\u00a0 la educaci\u00f3n y que los edificios escolares del distrito se encuentren\u00a0 en las mejores condiciones para que los alumnos est\u00e9n en un \u00e1mbito agradable,\u00a0 donde no tengan\u00a0 problemas de infraestructura.<\/span><\/div>\n<div id=\"m_-7739843849288157542yiv6726941481yui_3_16_0_ym19_1_1485367963092_31116\"><\/div>\n<div id=\"m_-7739843849288157542yiv6726941481yui_3_16_0_ym19_1_1485367963092_31119\"><span id=\"m_-7739843849288157542yiv6726941481yui_3_16_0_ym19_1_1485367963092_31120\">Luego de un relevamiento realizado entre la subsecretaria de Educaci\u00f3n municipal, la Jefatura distrital y el Consejo Escolar local, se determin\u00f3\u00a0 que se trabajar\u00e1 en una treintena de instituciones de ense\u00f1anza primaria, secundaria y jardines de infantes en la construcci\u00f3n de nuevas aulas, la ampliaci\u00f3n de salones y otras acciones menores, entre ellas, la refacci\u00f3n de ba\u00f1os, instalaciones el\u00e9ctricas, cubiertas y techos,\u00a0 cerramientos de salones de usos m\u00faltiples y playones deportivos.<\/span><\/div>\n<div id=\"m_-7739843849288157542yiv6726941481yui_3_16_0_ym19_1_1485367963092_31119\"><\/div>\n<div id=\"m_-7739843849288157542yiv6726941481yui_3_16_0_ym19_1_1485367963092_31122\"><span id=\"m_-7739843849288157542yiv6726941481yui_3_16_0_ym19_1_1485367963092_31123\">Se estima adem\u00e1s la creaci\u00f3n de tres nuevos jardines de infantes, en terrenos municipales, donde funcionan tambi\u00e9n otras dependencias, por ejemplo en el Caps Los \u00c1lamos de Glew. Tambi\u00e9n se fundar\u00e1\u00a0 una escuela Agraria en la localidad de Ministro Rivadavia y el Centro de Educaci\u00f3n F\u00edsica Nro. 56 en Don Orione.<\/span><\/div>\n<div id=\"m_-7739843849288157542yiv6726941481yui_3_16_0_ym19_1_1485367963092_31125\"><\/div>\n<div id=\"m_-7739843849288157542yiv6726941481yui_3_16_0_ym19_1_1485367963092_31125\"><span id=\"m_-7739843849288157542yiv6726941481yui_3_16_0_ym19_1_1485367963092_31126\">Cabe\u00a0 recordar que el a\u00f1o pasado, tambi\u00e9n aprovechando el receso escolar, el Municipio refaccion\u00f3 184 escuelas p\u00fablicas, beneficiando a unos 85 mil alumnos.<\/span><\/div>\n","protected":false},"excerpt":{"rendered":"<p>Al igual que a principios de 2016, el Gobierno Municipal de Almirante Brown aprovecha el receso estival para refaccionar las\u00a0<\/p>\n","protected":false},"author":1,"featured_media":6306,"comment_status":"closed","ping_status":"closed","sticky":false,"template":"","format":"standard","meta":{"kia_subtitle":"","footnotes":"","jetpack_publicize_message":"","jetpack_publicize_feature_enabled":true,"jetpack_social_post_already_shared":true,"jetpack_social_options":{"image_generator_settings":{"template":"highway","default_image_id":0,"font":"","enabled":false},"version":2}},"categories":[33,2],"tags":[],"class_list":["post-6305","post","type-post","status-publish","format-standard","has-post-thumbnail","hentry","category-alte-brown-alte-brown","category-alte-brown"],"jetpack_publicize_connections":[],"jetpack_featured_media_url":"https:\/\/laurbedigital.com.ar\/noticias\/wp-content\/uploads\/2017\/01\/20170126-brown.jpg","_links":{"self":[{"href":"https:\/\/laurbedigital.com.ar\/noticias\/wp-json\/wp\/v2\/posts\/6305","targetHints":{"allow":["GET"]}}],"collection":[{"href":"https:\/\/laurbedigital.com.ar\/noticias\/wp-json\/wp\/v2\/posts"}],"about":[{"href":"https:\/\/laurbedigital.com.ar\/noticias\/wp-json\/wp\/v2\/types\/post"}],"author":[{"embeddable":true,"href":"https:\/\/laurbedigital.com.ar\/noticias\/wp-json\/wp\/v2\/users\/1"}],"replies":[{"embeddable":true,"href":"https:\/\/laurbedigital.com.ar\/noticias\/wp-json\/wp\/v2\/comments?post=6305"}],"version-history":[{"count":1,"href":"https:\/\/laurbedigital.com.ar\/noticias\/wp-json\/wp\/v2\/posts\/6305\/revisions"}],"predecessor-version":[{"id":6307,"href":"https:\/\/laurbedigital.com.ar\/noticias\/wp-json\/wp\/v2\/posts\/6305\/revisions\/6307"}],"wp:featuredmedia":[{"embeddable":true,"href":"https:\/\/laurbedigital.com.ar\/noticias\/wp-json\/wp\/v2\/media\/6306"}],"wp:attachment":[{"href":"https:\/\/laurbedigital.com.ar\/noticias\/wp-json\/wp\/v2\/media?parent=6305"}],"wp:term":[{"taxonomy":"category","embeddable":true,"href":"https:\/\/laurbedigital.com.ar\/noticias\/wp-json\/wp\/v2\/categories?post=6305"},{"taxonomy":"post_tag","embeddable":true,"href":"https:\/\/laurbedigital.com.ar\/noticias\/wp-json\/wp\/v2\/tags?post=6305"}],"curies":[{"name":"wp","href":"https:\/\/api.w.org\/{rel}","templated":true}]}}