{"id":62985,"date":"2021-10-08T11:18:11","date_gmt":"2021-10-08T14:18:11","guid":{"rendered":"https:\/\/laurbedigital.com.ar\/noticias\/?p=62985"},"modified":"2021-10-08T11:18:36","modified_gmt":"2021-10-08T14:18:36","slug":"la-feria-internacional-del-libro-2021-llega-a-almirante-brown","status":"publish","type":"post","link":"https:\/\/laurbedigital.com.ar\/noticias\/2021\/10\/08\/la-feria-internacional-del-libro-2021-llega-a-almirante-brown\/","title":{"rendered":"La Feria Internacional del Libro 2021 llega a Almirante Brown"},"content":{"rendered":"<p>&nbsp;<\/p>\n<h5>Se desarrollar\u00e1 del 14 al 17 de octubre en la Plaza Brown que se ubica en Adrogu\u00e9.\u00a0 Adem\u00e1s del patio de narradores que se encontrar\u00e1 dentro del auditorio Walsh, los vecinos y las vecinas podr\u00e1n realizar actividades para toda la familia, participar de charlas, debates e ingresar al\u00a0 Planetario que tendr\u00e1 una propuesta de dinosaurios y universo.<\/h5>\n<p>La Feria del Libro de este a\u00f1o no solamente ser\u00e1 presencial,\u00a0 tambi\u00e9n se transmitir\u00e1 en vivo por el canal de Youtube de la Secretar\u00eda de Educaci\u00f3n Almirante Brown con shows de:\u00a0 Arbolito, Paka Paka, Pim Pau y Elena Roger.<\/p>\n<p>Tambi\u00e9n se llevar\u00e1 a cabo la presentaci\u00f3n del libro escrito por Felipe Pigna \u201cBROWN, UNA HISTORIA COMPARTIDA\u201d junto al documental realizado con la participaci\u00f3n de vecinos y vecinas de nuestro distrito.<\/p>\n<p>Te dejamos el link con toda la informaci\u00f3n y la agenda de esta gran Feria que estar\u00e1 en Almirante Brown: <a href=\"https:\/\/educacion.brown.gob.ar\/feria-del-libro\/\" target=\"_blank\" rel=\"noopener\">https:\/\/educacion.brown.gob.ar\/feria-del-libro\/<\/a><\/p>\n<p>&nbsp;<\/p>\n","protected":false},"excerpt":{"rendered":"<p>&nbsp; Se desarrollar\u00e1 del 14 al 17 de octubre en la Plaza Brown que se ubica en Adrogu\u00e9.\u00a0 Adem\u00e1s del<\/p>\n","protected":false},"author":1,"featured_media":62986,"comment_status":"closed","ping_status":"closed","sticky":false,"template":"","format":"standard","meta":{"kia_subtitle":"","footnotes":"","jetpack_publicize_message":"","jetpack_publicize_feature_enabled":true,"jetpack_social_post_already_shared":true,"jetpack_social_options":{"image_generator_settings":{"template":"highway","default_image_id":0,"font":"","enabled":false},"version":2}},"categories":[2,33],"tags":[],"class_list":["post-62985","post","type-post","status-publish","format-standard","has-post-thumbnail","hentry","category-alte-brown","category-alte-brown-alte-brown"],"jetpack_publicize_connections":[],"jetpack_featured_media_url":"https:\/\/laurbedigital.com.ar\/noticias\/wp-content\/uploads\/2021\/10\/20211008-Brown-Feria-Del-Libro.jpg","_links":{"self":[{"href":"https:\/\/laurbedigital.com.ar\/noticias\/wp-json\/wp\/v2\/posts\/62985","targetHints":{"allow":["GET"]}}],"collection":[{"href":"https:\/\/laurbedigital.com.ar\/noticias\/wp-json\/wp\/v2\/posts"}],"about":[{"href":"https:\/\/laurbedigital.com.ar\/noticias\/wp-json\/wp\/v2\/types\/post"}],"author":[{"embeddable":true,"href":"https:\/\/laurbedigital.com.ar\/noticias\/wp-json\/wp\/v2\/users\/1"}],"replies":[{"embeddable":true,"href":"https:\/\/laurbedigital.com.ar\/noticias\/wp-json\/wp\/v2\/comments?post=62985"}],"version-history":[{"count":3,"href":"https:\/\/laurbedigital.com.ar\/noticias\/wp-json\/wp\/v2\/posts\/62985\/revisions"}],"predecessor-version":[{"id":62989,"href":"https:\/\/laurbedigital.com.ar\/noticias\/wp-json\/wp\/v2\/posts\/62985\/revisions\/62989"}],"wp:featuredmedia":[{"embeddable":true,"href":"https:\/\/laurbedigital.com.ar\/noticias\/wp-json\/wp\/v2\/media\/62986"}],"wp:attachment":[{"href":"https:\/\/laurbedigital.com.ar\/noticias\/wp-json\/wp\/v2\/media?parent=62985"}],"wp:term":[{"taxonomy":"category","embeddable":true,"href":"https:\/\/laurbedigital.com.ar\/noticias\/wp-json\/wp\/v2\/categories?post=62985"},{"taxonomy":"post_tag","embeddable":true,"href":"https:\/\/laurbedigital.com.ar\/noticias\/wp-json\/wp\/v2\/tags?post=62985"}],"curies":[{"name":"wp","href":"https:\/\/api.w.org\/{rel}","templated":true}]}}