{"id":62947,"date":"2021-10-07T13:48:25","date_gmt":"2021-10-07T16:48:25","guid":{"rendered":"https:\/\/laurbedigital.com.ar\/noticias\/?p=62947"},"modified":"2021-10-07T13:49:12","modified_gmt":"2021-10-07T16:49:12","slug":"escuelas-tecnicas-y-de-formacion-profesional-bonaerenses-exponen-sus-proyectos-en-almirante-brown","status":"publish","type":"post","link":"https:\/\/laurbedigital.com.ar\/noticias\/2021\/10\/07\/escuelas-tecnicas-y-de-formacion-profesional-bonaerenses-exponen-sus-proyectos-en-almirante-brown\/","title":{"rendered":"Escuelas t\u00e9cnicas y de formaci\u00f3n profesional bonaerenses exponen sus proyectos en Almirante Brown"},"content":{"rendered":"<div dir=\"ltr\">\n<h5 dir=\"ltr\"><\/h5>\n<h5 dir=\"ltr\">El intendente de Almirante Brown, Mariano Cascallares, encabez\u00f3 junto con la subsecretaria de Educaci\u00f3n bonaerense, Claudia Bracchi, el acto inaugural de la Muestra Interregional de Educaci\u00f3n T\u00e9cnico Profesional que se lleva adelante este jueves en la Plaza Brown de Adrogu\u00e9.<\/h5>\n<div dir=\"ltr\">\n<p>La jornada inaugural se realiz\u00f3 en una extensa carpa levantada en el centro de la plaza, donde el jefe comunal y la funcionaria bonaerense dieron inicio formal a esta iniciativa junto con el director Ejecutivo del Instituto Nacional de Educaci\u00f3n T\u00e9cnica, Gerardo Marchesini, y el secretario de Educaci\u00f3n, Ciencia y Tecnolog\u00eda, Sergio Pianciola.<\/p>\n<p><img loading=\"lazy\" decoding=\"async\" class=\"wp-image-62951 alignright\" src=\"https:\/\/laurbedigital.com.ar\/noticias\/wp-content\/uploads\/2021\/10\/20211007-Brown-Cascallares-3.jpg\" alt=\"\" width=\"540\" height=\"301\" title=\"\" srcset=\"https:\/\/laurbedigital.com.ar\/noticias\/wp-content\/uploads\/2021\/10\/20211007-Brown-Cascallares-3.jpg 768w, https:\/\/laurbedigital.com.ar\/noticias\/wp-content\/uploads\/2021\/10\/20211007-Brown-Cascallares-3-300x167.jpg 300w\" sizes=\"auto, (max-width: 540px) 100vw, 540px\" \/>La muestra incluye la participaci\u00f3n de 50 stands con proyectos de estudiantes de nivel secundario t\u00e9cnico, de 10 instituciones del nivel superior y cuatro aulas tecnol\u00f3gicas m\u00f3viles, dos de Naci\u00f3n y dos de la provincia de Buenos Aires.<\/p>\n<p><em>\u201cPara nosotros es un orgullo ser sede de este encuentro. Quiero agradecer profundamente a Claudia (Bracchi) y Gerardo (Marchesini), dos referentes de la educaci\u00f3n a quienes sentimos propios por todo el trabajo constante que llevamos adelante. Tambi\u00e9n quiero destacar el trabajo constante y el esfuerzo de los directivos, docentes, no docentes, inspectores y alumnos y alumnas que trabajan para tener una educaci\u00f3n p\u00fablica de calidad y cada vez m\u00e1s equitativa\u201d,<\/em> sostuvo Mariano Cascallares al tomar la palabra.<\/p>\n<p>En este sentido, remarc\u00f3 que en estos cinco a\u00f1os de trabajo al frente del Municipio de Almirante Brown se crearon \u201cm\u00e1s de 25 nuevas instituciones educativas\u201d, al tiempo que subray\u00f3 que \u201cno hay mejor herramienta para la justicia social que la educaci\u00f3n\u201d.<\/p>\n<p>Claudia Bracchi, en tanto, asegur\u00f3 que<em> \u201cen Almirante Brown se respira educaci\u00f3n\u201d<\/em> y afirm\u00f3 que<em> \u201ccuando el aprendizaje es una prioridad en las pol\u00edticas p\u00fablicas eso se transforma en acciones que construyen caminos y oportunidades\u201d.<\/em><\/p>\n<p><em>\u201cBrown, con Mariano (Cascallares) a la cabeza, tiene una planificaci\u00f3n estrat\u00e9gica y eso queda plasmado en esta muestra, y en cada una de las iniciativas que se llevan adelante, tanto en lo relacionado a la formaci\u00f3n como tambi\u00e9n a nuevos establecimientos, como es el caso de la nueva Escuela T\u00e9cnica N\u00ba4 que se est\u00e1 construyendo. Estamos muy contentos por este trabajo articulado que llevamos adelante y estamos convencidos de que este es el camino\u201d,<\/em> agreg\u00f3.<\/p>\n<p>Finalmente, Pianciola enfatiz\u00f3 que<em> \u201cesta iniciativa no es improvisada sino que es fruto de un trabajo permanente como el que llevamos adelante entre los estados Municipal, Provincial y Nacional\u201d. \u201cEstamos muy contentos tambi\u00e9n porque este congreso que hicimos el a\u00f1o pasado hoy podemos transformarlo en esta jornada impresionante de forma presencial\u201d,<\/em> a\u00f1adi\u00f3.<\/p>\n<p>La muestra incluye la participaci\u00f3n de las Regiones Educativas 2, 4 y 5, las cuales incluyen a los partidos de Almirante Brown, Esteban Echeverr\u00eda, San Vicente, Presidente Per\u00f3n, Ezeiza, Lomas, Lan\u00fas, Avellaneda, Quilmes, Florencio Varela y Berazategui, adem\u00e1s de la Escuela de Educaci\u00f3n T\u00e9cnica N\u00b0 5 de Mar del Plata.<\/p>\n<\/div>\n<div dir=\"ltr\"><img loading=\"lazy\" decoding=\"async\" class=\"alignnone size-full wp-image-62948\" src=\"https:\/\/laurbedigital.com.ar\/noticias\/wp-content\/uploads\/2021\/10\/20211007-Brown-Cascallares.jpg\" alt=\"\" width=\"768\" height=\"428\" title=\"\" srcset=\"https:\/\/laurbedigital.com.ar\/noticias\/wp-content\/uploads\/2021\/10\/20211007-Brown-Cascallares.jpg 768w, https:\/\/laurbedigital.com.ar\/noticias\/wp-content\/uploads\/2021\/10\/20211007-Brown-Cascallares-300x167.jpg 300w\" sizes=\"auto, (max-width: 768px) 100vw, 768px\" \/><\/div>\n<div dir=\"ltr\">\n<p>El objetivo del encuentro es mostrar proyectos que se llevan adelante en cada escuela, entre los que se encuentran rob\u00f3tica, digitalizaci\u00f3n, sistemas de control, dise\u00f1o de fabricaci\u00f3n digital, realidad aumentada, procedimientos manuales y energ\u00edas renovables, entre otros.<\/p>\n<p>Adem\u00e1s, busca profundizar la articulaci\u00f3n interinstitucional e intraprovincial con el foco puesto en la relaci\u00f3n entre educaci\u00f3n y trabajo e intensificar la investigaci\u00f3n y la complementaci\u00f3n entre cada una de los perfiles que egresan de las diferentes ofertas educativas.<\/p>\n<p>Cabe destacar que la actividad se llev\u00f3 adelante cumpliendo todos los protocolos sanitarios y de distanciamiento social vigentes debido a la pandemia por Covid-19.<\/p>\n<p>De la jornada participaron tambi\u00e9n el director provincial de Pol\u00edtica Cient\u00edfica y Desarrollo Tecnol\u00f3gico, Alejandro Kodric; el director de Escuelas T\u00e9cnicas Superiores, Mariano Feraris; el director de Formaci\u00f3n Profesional, Ricardo De Gisi; el director de Agraria, Luis Lisaso; la directora de Superior T\u00e9cnica, Carla Miglione, y El decano de la Facultad de Sociales de la Universidad Nacional de Lomas de Zamora, Gustavo Naon.<\/p>\n<p>Tambi\u00e9n dijeron presente el jefe de Inspecci\u00f3n de Educaci\u00f3n Regional, Leonardo Lafflito; la jefa inspectora de Educaci\u00f3n Distrital, Mar\u00eda In\u00e9s Centuri\u00f3n; la inspectora Jefa Regional DIEGEP, Virginia Poy, y la subsecretaria de Educaci\u00f3n, Paula Falc\u00f3n, entre otras autoridades, adem\u00e1s de inspectores, directivos, docentes y alumnos de las escuelas t\u00e9cnicas de las tres regiones educativas.<\/p>\n<\/div>\n<\/div>\n<div dir=\"ltr\"><\/div>\n","protected":false},"excerpt":{"rendered":"<p>El intendente de Almirante Brown, Mariano Cascallares, encabez\u00f3 junto con la subsecretaria de Educaci\u00f3n bonaerense, Claudia Bracchi, el acto inaugural<\/p>\n","protected":false},"author":1,"featured_media":62949,"comment_status":"closed","ping_status":"closed","sticky":false,"template":"","format":"standard","meta":{"kia_subtitle":"","footnotes":"","jetpack_publicize_message":"","jetpack_publicize_feature_enabled":true,"jetpack_social_post_already_shared":true,"jetpack_social_options":{"image_generator_settings":{"template":"highway","default_image_id":0,"font":"","enabled":false},"version":2}},"categories":[2,33],"tags":[],"class_list":["post-62947","post","type-post","status-publish","format-standard","has-post-thumbnail","hentry","category-alte-brown","category-alte-brown-alte-brown"],"jetpack_publicize_connections":[],"jetpack_featured_media_url":"https:\/\/laurbedigital.com.ar\/noticias\/wp-content\/uploads\/2021\/10\/20211007-Brown-Cascallares-1.jpg","_links":{"self":[{"href":"https:\/\/laurbedigital.com.ar\/noticias\/wp-json\/wp\/v2\/posts\/62947","targetHints":{"allow":["GET"]}}],"collection":[{"href":"https:\/\/laurbedigital.com.ar\/noticias\/wp-json\/wp\/v2\/posts"}],"about":[{"href":"https:\/\/laurbedigital.com.ar\/noticias\/wp-json\/wp\/v2\/types\/post"}],"author":[{"embeddable":true,"href":"https:\/\/laurbedigital.com.ar\/noticias\/wp-json\/wp\/v2\/users\/1"}],"replies":[{"embeddable":true,"href":"https:\/\/laurbedigital.com.ar\/noticias\/wp-json\/wp\/v2\/comments?post=62947"}],"version-history":[{"count":4,"href":"https:\/\/laurbedigital.com.ar\/noticias\/wp-json\/wp\/v2\/posts\/62947\/revisions"}],"predecessor-version":[{"id":62955,"href":"https:\/\/laurbedigital.com.ar\/noticias\/wp-json\/wp\/v2\/posts\/62947\/revisions\/62955"}],"wp:featuredmedia":[{"embeddable":true,"href":"https:\/\/laurbedigital.com.ar\/noticias\/wp-json\/wp\/v2\/media\/62949"}],"wp:attachment":[{"href":"https:\/\/laurbedigital.com.ar\/noticias\/wp-json\/wp\/v2\/media?parent=62947"}],"wp:term":[{"taxonomy":"category","embeddable":true,"href":"https:\/\/laurbedigital.com.ar\/noticias\/wp-json\/wp\/v2\/categories?post=62947"},{"taxonomy":"post_tag","embeddable":true,"href":"https:\/\/laurbedigital.com.ar\/noticias\/wp-json\/wp\/v2\/tags?post=62947"}],"curies":[{"name":"wp","href":"https:\/\/api.w.org\/{rel}","templated":true}]}}