{"id":62744,"date":"2021-10-04T10:02:59","date_gmt":"2021-10-04T13:02:59","guid":{"rendered":"https:\/\/laurbedigital.com.ar\/noticias\/?p=62744"},"modified":"2021-10-04T10:02:59","modified_gmt":"2021-10-04T13:02:59","slug":"por-primera-vez-en-un-ano-y-medio-no-hubo-muertes-por-coronavirus-en-provincia","status":"publish","type":"post","link":"https:\/\/laurbedigital.com.ar\/noticias\/2021\/10\/04\/por-primera-vez-en-un-ano-y-medio-no-hubo-muertes-por-coronavirus-en-provincia\/","title":{"rendered":"Por primera vez en un a\u00f1o y medio, no hubo muertes por Coronavirus en Provincia"},"content":{"rendered":"<p>&nbsp;<\/p>\n<h5>El ministro de Salud bonaerense,\u00a0<strong>Nicol\u00e1s Kreplak<\/strong>, confirm\u00f3 este domingo que, por primera vez desde abril de 2020, en las \u00faltimas 24 horas no se registraron fallecidos por coronavirus en la Provincia.<\/h5>\n<p>Asimismo, el funcionario precis\u00f3 que se reportaron <em>\u201cmenos de 100 casos\u201d<\/em> positivos en todo el distrito.<\/p>\n<p>A trav\u00e9s de un mensaje publicado en su cuenta de Twitter, el titular de la cartera sanitaria remarc\u00f3 que fue un<em> \u201cdomingo de muy buenas noticias\u201d,<\/em> entre las que destac\u00f3 adem\u00e1s que <em>\u201cm\u00e1s de 300 mil chicos\u201d<\/em> de entre 3 y 11 a\u00f1os se inscribieron para vacunarse.<\/p>\n<p>Ante todo ello, asegur\u00f3 que \u201cestamos saliendo\u201d de una crisis sanitaria que, hasta el momento, provoc\u00f3 m\u00e1s de 55 mil muertes y 2 millones de contagios en \u00e1mbito bonaerense.<\/p>\n<blockquote class=\"twitter-tweet\">\n<p dir=\"ltr\" lang=\"es\">Domingo de muy buenas noticias:<\/p>\n<p>&#x1f4cc; No registramos fallecidos por COVID<br \/>\n&#x1f4cc; Menos de 100 casos<br \/>\n&#x1f4cc; M\u00e1s de 300 mil chicxs de entre 3 y 11 a\u00f1os inscriptxs para vacunarse.<\/p>\n<p>\u00a1Estamos saliendo!<\/p>\n<p>\u2014 Nicol\u00e1s Kreplak (@nkreplak) <a href=\"https:\/\/twitter.com\/nkreplak\/status\/1444836293792477196?ref_src=twsrc%5Etfw\" target=\"_blank\" rel=\"noopener\">October 4, 2021<\/a><\/p><\/blockquote>\n<p><script async src=\"https:\/\/platform.twitter.com\/widgets.js\" charset=\"utf-8\"><\/script><\/p>\n<p>&nbsp;<\/p>\n","protected":false},"excerpt":{"rendered":"<p>&nbsp; El ministro de Salud bonaerense,\u00a0Nicol\u00e1s Kreplak, confirm\u00f3 este domingo que, por primera vez desde abril de 2020, en las<\/p>\n","protected":false},"author":1,"featured_media":62745,"comment_status":"closed","ping_status":"closed","sticky":false,"template":"","format":"standard","meta":{"kia_subtitle":"","footnotes":"","jetpack_publicize_message":"","jetpack_publicize_feature_enabled":true,"jetpack_social_post_already_shared":true,"jetpack_social_options":{"image_generator_settings":{"template":"highway","default_image_id":0,"font":"","enabled":false},"version":2}},"categories":[3,56],"tags":[],"class_list":["post-62744","post","type-post","status-publish","format-standard","has-post-thumbnail","hentry","category-actualidad","category-buenos-aires"],"jetpack_publicize_connections":[],"jetpack_featured_media_url":"https:\/\/laurbedigital.com.ar\/noticias\/wp-content\/uploads\/2021\/10\/20211004-Corazon-enfermera.jpg","_links":{"self":[{"href":"https:\/\/laurbedigital.com.ar\/noticias\/wp-json\/wp\/v2\/posts\/62744","targetHints":{"allow":["GET"]}}],"collection":[{"href":"https:\/\/laurbedigital.com.ar\/noticias\/wp-json\/wp\/v2\/posts"}],"about":[{"href":"https:\/\/laurbedigital.com.ar\/noticias\/wp-json\/wp\/v2\/types\/post"}],"author":[{"embeddable":true,"href":"https:\/\/laurbedigital.com.ar\/noticias\/wp-json\/wp\/v2\/users\/1"}],"replies":[{"embeddable":true,"href":"https:\/\/laurbedigital.com.ar\/noticias\/wp-json\/wp\/v2\/comments?post=62744"}],"version-history":[{"count":2,"href":"https:\/\/laurbedigital.com.ar\/noticias\/wp-json\/wp\/v2\/posts\/62744\/revisions"}],"predecessor-version":[{"id":62747,"href":"https:\/\/laurbedigital.com.ar\/noticias\/wp-json\/wp\/v2\/posts\/62744\/revisions\/62747"}],"wp:featuredmedia":[{"embeddable":true,"href":"https:\/\/laurbedigital.com.ar\/noticias\/wp-json\/wp\/v2\/media\/62745"}],"wp:attachment":[{"href":"https:\/\/laurbedigital.com.ar\/noticias\/wp-json\/wp\/v2\/media?parent=62744"}],"wp:term":[{"taxonomy":"category","embeddable":true,"href":"https:\/\/laurbedigital.com.ar\/noticias\/wp-json\/wp\/v2\/categories?post=62744"},{"taxonomy":"post_tag","embeddable":true,"href":"https:\/\/laurbedigital.com.ar\/noticias\/wp-json\/wp\/v2\/tags?post=62744"}],"curies":[{"name":"wp","href":"https:\/\/api.w.org\/{rel}","templated":true}]}}