{"id":62740,"date":"2021-10-04T09:34:43","date_gmt":"2021-10-04T12:34:43","guid":{"rendered":"https:\/\/laurbedigital.com.ar\/noticias\/?p=62740"},"modified":"2021-10-04T09:34:43","modified_gmt":"2021-10-04T12:34:43","slug":"unos-300-mil-chicos-de-3-a-11-anos-ya-se-inscribieron-para-recibir-la-vacuna-en-la-provincia","status":"publish","type":"post","link":"https:\/\/laurbedigital.com.ar\/noticias\/2021\/10\/04\/unos-300-mil-chicos-de-3-a-11-anos-ya-se-inscribieron-para-recibir-la-vacuna-en-la-provincia\/","title":{"rendered":"Unos 300 mil chicos de 3 a 11 a\u00f1os ya se inscribieron para recibir la vacuna en la provincia"},"content":{"rendered":"<p>&nbsp;<\/p>\n<h5>Unos 300 mil chicos y chicas de entre 3 y 11 a\u00f1os se inscribieron durante el fin de semana para recibir la vacuna Sinopharm contra el coronavirus en la provincia de Buenos Aires.<\/h5>\n<p>Se trata del inoculante elaborado por el laboratorio chino que ya aval\u00f3 la Administraci\u00f3n Nacional de Medicamentos, Alimentos y Tecnolog\u00eda M\u00e9dica (Anmat) para la inoculaci\u00f3n contra la Covid-19 de esa franja etaria de la poblaci\u00f3n.<\/p>\n<p>En un mensaje posteado en las \u00faltimas horas en su cuenta de Twitter, el ministro de Salud provincial, Nicol\u00e1s Kreplak se refiri\u00f3 a distintas <em>\u201cbuenas noticias\u201d<\/em> en el marco de la pandemia y enumer\u00f3:<em> \u201cno registramos fallecidos por Covid\u201d;<\/em> \u201c(hubo) menos de 100 casos\u201d de Covid-19 en el d\u00eda; y <em>\u201cm\u00e1s de 300 mil chicos\/as de entre 3 y 11 a\u00f1os inscriptos para vacunarse\u201d.<\/em><\/p>\n<p>En ese marco, adem\u00e1s, dijo que se est\u00e1 \u201csaliendo\u201d de la pandemia de coronavirus.<\/p>\n<p><img loading=\"lazy\" decoding=\"async\" class=\"wp-image-54380 alignright\" src=\"https:\/\/laurbedigital.com.ar\/noticias\/wp-content\/uploads\/2021\/06\/20210602-VACUNATE.jpg\" alt=\"\" width=\"391\" height=\"218\" title=\"\" srcset=\"https:\/\/laurbedigital.com.ar\/noticias\/wp-content\/uploads\/2021\/06\/20210602-VACUNATE.jpg 768w, https:\/\/laurbedigital.com.ar\/noticias\/wp-content\/uploads\/2021\/06\/20210602-VACUNATE-300x167.jpg 300w\" sizes=\"auto, (max-width: 391px) 100vw, 391px\" \/>El s\u00e1bado pasado, la provincia de Buenos Aires abri\u00f3 la inscripci\u00f3n para su plan de vacunaci\u00f3n contra la Covid-19 a ni\u00f1os y ni\u00f1as de 3 a 11 a\u00f1os.<\/p>\n<p>El registro en el plan de vacunaci\u00f3n p\u00fablico, gratuito y optativo se realiza desde la web vacunatepba.gba.gob.ar o a trav\u00e9s de la aplicaci\u00f3n VacunatePBA.<\/p>\n<p>Adem\u00e1s, se record\u00f3 que contin\u00faa abierta la inscripci\u00f3n para el grupo etario de 12 a 17 a\u00f1os y ya se inici\u00f3 la inmunizaci\u00f3n de chicos y chicas de 16 y 17 a\u00f1os sin condiciones de salud preexistentes.<\/p>\n<p>Se aclar\u00f3 que ser\u00e1 indispensable que los ni\u00f1os y ni\u00f1as de 3 a 12 a\u00f1os cuenten con el consentimiento de sus padres o responsables afectivos para recibir la dosis.<\/p>\n<p>Por otra parte, se record\u00f3 que desde el 1\u00b0 de octubre<em> \u201ctodos los y las mayores de 18 a\u00f1os que tengan enfermedades preexistentes y los y las trabajadoras de la educaci\u00f3n cuentan con segunda dosis libre, siempre que hayan cumplido el plazo interdosis recomendado por las autoridades sanitarias\u201d.<\/em><\/p>\n<p>Se suman a los grupos que ya contaban con esta posibilidad: todos los mayores de 50 a\u00f1os, personal de salud y personas gestantes e inmunodeprimidos.<\/p>\n<p>&nbsp;<\/p>\n<p>&nbsp;<\/p>\n","protected":false},"excerpt":{"rendered":"<p>&nbsp; Unos 300 mil chicos y chicas de entre 3 y 11 a\u00f1os se inscribieron durante el fin de semana<\/p>\n","protected":false},"author":1,"featured_media":62741,"comment_status":"closed","ping_status":"closed","sticky":false,"template":"","format":"standard","meta":{"kia_subtitle":"","footnotes":"","jetpack_publicize_message":"","jetpack_publicize_feature_enabled":true,"jetpack_social_post_already_shared":true,"jetpack_social_options":{"image_generator_settings":{"template":"highway","default_image_id":0,"font":"","enabled":false},"version":2}},"categories":[3,56],"tags":[],"class_list":["post-62740","post","type-post","status-publish","format-standard","has-post-thumbnail","hentry","category-actualidad","category-buenos-aires"],"jetpack_publicize_connections":[],"jetpack_featured_media_url":"https:\/\/laurbedigital.com.ar\/noticias\/wp-content\/uploads\/2021\/10\/20211004-Vacunacion-ninos-chicos.jpg","_links":{"self":[{"href":"https:\/\/laurbedigital.com.ar\/noticias\/wp-json\/wp\/v2\/posts\/62740","targetHints":{"allow":["GET"]}}],"collection":[{"href":"https:\/\/laurbedigital.com.ar\/noticias\/wp-json\/wp\/v2\/posts"}],"about":[{"href":"https:\/\/laurbedigital.com.ar\/noticias\/wp-json\/wp\/v2\/types\/post"}],"author":[{"embeddable":true,"href":"https:\/\/laurbedigital.com.ar\/noticias\/wp-json\/wp\/v2\/users\/1"}],"replies":[{"embeddable":true,"href":"https:\/\/laurbedigital.com.ar\/noticias\/wp-json\/wp\/v2\/comments?post=62740"}],"version-history":[{"count":2,"href":"https:\/\/laurbedigital.com.ar\/noticias\/wp-json\/wp\/v2\/posts\/62740\/revisions"}],"predecessor-version":[{"id":62743,"href":"https:\/\/laurbedigital.com.ar\/noticias\/wp-json\/wp\/v2\/posts\/62740\/revisions\/62743"}],"wp:featuredmedia":[{"embeddable":true,"href":"https:\/\/laurbedigital.com.ar\/noticias\/wp-json\/wp\/v2\/media\/62741"}],"wp:attachment":[{"href":"https:\/\/laurbedigital.com.ar\/noticias\/wp-json\/wp\/v2\/media?parent=62740"}],"wp:term":[{"taxonomy":"category","embeddable":true,"href":"https:\/\/laurbedigital.com.ar\/noticias\/wp-json\/wp\/v2\/categories?post=62740"},{"taxonomy":"post_tag","embeddable":true,"href":"https:\/\/laurbedigital.com.ar\/noticias\/wp-json\/wp\/v2\/tags?post=62740"}],"curies":[{"name":"wp","href":"https:\/\/api.w.org\/{rel}","templated":true}]}}