{"id":62366,"date":"2021-09-28T11:02:41","date_gmt":"2021-09-28T14:02:41","guid":{"rendered":"https:\/\/laurbedigital.com.ar\/noticias\/?p=62366"},"modified":"2021-09-28T11:02:41","modified_gmt":"2021-09-28T14:02:41","slug":"pulperia-almacenes-y-un-cine-rural-son-alguna-de-las-propuestas-turisticas-de-roque-perez","status":"publish","type":"post","link":"https:\/\/laurbedigital.com.ar\/noticias\/2021\/09\/28\/pulperia-almacenes-y-un-cine-rural-son-alguna-de-las-propuestas-turisticas-de-roque-perez\/","title":{"rendered":"Pulper\u00eda, almacenes y un cine rural, son alguna de las propuestas tur\u00edsticas de Roque P\u00e9rez"},"content":{"rendered":"<p>&nbsp;<\/p>\n<h5>La directora de Turismo del municipio bonaerense de Roque P\u00e9rez, Diana M\u00e1rquez, se explay\u00f3 sobre la propuesta tur\u00edstica de esta localidad, ubicada a 135 kil\u00f3metros de la ciudad de Buenos Aires, que \u00abgira entorno a los almacenes de campo, el turismo rural, la gastronom\u00eda y la naturaleza, ideal para una escapada en familia o con amigos en cualquier fin de semana del a\u00f1o\u00bb.<\/h5>\n<p>En declaraciones a t\u00e9lam radio, M\u00e1rquez agreg\u00f3 que el municipio se est\u00e1 preparando para la temporada<em> \u00abcon diferentes eventos, por ejemplo, el fin de semana largo de octubre haremos una Expo de Viveros\u00bb,<\/em> mientras que para el verano destac\u00f3 la celebraci\u00f3n de La Noche de los Almacenes, que es la fiesta m\u00e1s popular que tenemos en Roque P\u00e9rez y se har\u00e1 el 8 de enero de 2022&#8243;.<\/p>\n<p><em><img loading=\"lazy\" decoding=\"async\" class=\"wp-image-62368 alignright\" src=\"https:\/\/laurbedigital.com.ar\/noticias\/wp-content\/uploads\/2021\/09\/20210928-Roque-Perez-1.jpg\" alt=\"\" width=\"370\" height=\"206\" title=\"\" srcset=\"https:\/\/laurbedigital.com.ar\/noticias\/wp-content\/uploads\/2021\/09\/20210928-Roque-Perez-1.jpg 768w, https:\/\/laurbedigital.com.ar\/noticias\/wp-content\/uploads\/2021\/09\/20210928-Roque-Perez-1-300x167.jpg 300w\" sizes=\"auto, (max-width: 370px) 100vw, 370px\" \/>\u00abPorque P\u00e9rez es un destino de cercan\u00eda, si lo pensamos en torno a la Ciudad Aut\u00f3noma de Buenos Aires, por eso solemos decir que estamos a un termo o a unos mates de distancia, siempre por la ruta nacional n\u00famero 205, que es donde se encuentra el ingreso a nuestra ciudad a nuestro pueblo\u00bb,<\/em> precis\u00f3.<\/p>\n<p>M\u00e1rquez detall\u00f3 que para el mes de octubre, el finde semana largo, se va a celebrar<em> \u00abuna Expo de Viveros, que se va a estar realizando en el Paraje Pueblo Tur\u00edstico La Paz y La Paz Chica\u00bb.<\/em><\/p>\n<p><em>\u00abEn el verano -continu\u00f3-, lo que vamos a estar celebrando es la Noche de los Almacenes, que es la fiesta m\u00e1s popular que tenemos, y por la que m\u00e1s nos hemos hecho conocido a nivel pa\u00eds\u00bb,<\/em> agreg\u00f3.<\/p>\n<p>Respecto de esa fiesta, la funcionaria cont\u00f3 que <em>\u00abse realiza en cada uno de los almacenes donde se entremezclan las historias, la gastronom\u00eda, el pensar los or\u00edgenes, en nuestras tradiciones nuestros, abuelos bisabuelos, que viv\u00edan en el campo e iban a esos lugares, a esas pulper\u00edas antiguas, a esas almacenes de ramos generales, y donde lo usaban como un punto social de encuentro cultural deportivo despu\u00e9s una jornada de trabajo\u00bb.<\/em><\/p>\n<p>La Noche de los Almacenes se celebra cada primer s\u00e1bado del a\u00f1o, cada primer s\u00e1bado de enero, pero en 2022, como es fin de a\u00f1o, se traslad\u00f3 para el segundo s\u00e1bado, as\u00ed que se va a estar realizando el 8 de enero.<\/p>\n<p><em>\u00abOtro de los eventos que tenemos a lo largo del verano son los distintos carnavales rurales, como el que se realiza en el Cine Club Col\u00f3n, que es el \u00fanico cine rural en funcionamiento dentro de toda la provincia de Buenos Aires, y el carnaval rural de la localidad de la localidad de Carlos Beguer\u00ede\u00bb,<\/em> resalt\u00f3.<\/p>\n<p>Esa peque\u00f1a localidad de 400 habitantes, a 25 kil\u00f3metros por camino de tierra de la ciudad cabecera, con casas antiguas y donde alguna vez pas\u00f3 el tren, <em>\u00abque tiene una parroquia, huerta comunitaria y museos, celebra, a fines de enero su carnaval rural\u00bb,<\/em> que junto a la casa de infancia de Juan Domingo Per\u00f3n y el refugio de flora y fauna silvestre, Laguna Rato, complementan las propuestas de Roque P\u00e9rez.<\/p>\n<p>&nbsp;<\/p>\n<p>&nbsp;<\/p>\n","protected":false},"excerpt":{"rendered":"<p>&nbsp; La directora de Turismo del municipio bonaerense de Roque P\u00e9rez, Diana M\u00e1rquez, se explay\u00f3 sobre la propuesta tur\u00edstica de<\/p>\n","protected":false},"author":1,"featured_media":62367,"comment_status":"closed","ping_status":"closed","sticky":false,"template":"","format":"standard","meta":{"kia_subtitle":"","footnotes":"","jetpack_publicize_message":"","jetpack_publicize_feature_enabled":true,"jetpack_social_post_already_shared":true,"jetpack_social_options":{"image_generator_settings":{"template":"highway","default_image_id":0,"font":"","enabled":false},"version":2}},"categories":[15,97],"tags":[],"class_list":["post-62366","post","type-post","status-publish","format-standard","has-post-thumbnail","hentry","category-tendencias","category-turismo"],"jetpack_publicize_connections":[],"jetpack_featured_media_url":"https:\/\/laurbedigital.com.ar\/noticias\/wp-content\/uploads\/2021\/09\/20210928-Roque-Perez.jpg","_links":{"self":[{"href":"https:\/\/laurbedigital.com.ar\/noticias\/wp-json\/wp\/v2\/posts\/62366","targetHints":{"allow":["GET"]}}],"collection":[{"href":"https:\/\/laurbedigital.com.ar\/noticias\/wp-json\/wp\/v2\/posts"}],"about":[{"href":"https:\/\/laurbedigital.com.ar\/noticias\/wp-json\/wp\/v2\/types\/post"}],"author":[{"embeddable":true,"href":"https:\/\/laurbedigital.com.ar\/noticias\/wp-json\/wp\/v2\/users\/1"}],"replies":[{"embeddable":true,"href":"https:\/\/laurbedigital.com.ar\/noticias\/wp-json\/wp\/v2\/comments?post=62366"}],"version-history":[{"count":3,"href":"https:\/\/laurbedigital.com.ar\/noticias\/wp-json\/wp\/v2\/posts\/62366\/revisions"}],"predecessor-version":[{"id":62371,"href":"https:\/\/laurbedigital.com.ar\/noticias\/wp-json\/wp\/v2\/posts\/62366\/revisions\/62371"}],"wp:featuredmedia":[{"embeddable":true,"href":"https:\/\/laurbedigital.com.ar\/noticias\/wp-json\/wp\/v2\/media\/62367"}],"wp:attachment":[{"href":"https:\/\/laurbedigital.com.ar\/noticias\/wp-json\/wp\/v2\/media?parent=62366"}],"wp:term":[{"taxonomy":"category","embeddable":true,"href":"https:\/\/laurbedigital.com.ar\/noticias\/wp-json\/wp\/v2\/categories?post=62366"},{"taxonomy":"post_tag","embeddable":true,"href":"https:\/\/laurbedigital.com.ar\/noticias\/wp-json\/wp\/v2\/tags?post=62366"}],"curies":[{"name":"wp","href":"https:\/\/api.w.org\/{rel}","templated":true}]}}