{"id":62110,"date":"2021-09-24T14:27:40","date_gmt":"2021-09-24T17:27:40","guid":{"rendered":"https:\/\/laurbedigital.com.ar\/noticias\/?p=62110"},"modified":"2021-09-24T14:27:40","modified_gmt":"2021-09-24T17:27:40","slug":"fiesta-de-la-primavera-en-glew-artistas-locales-concurso-de-manchas-y-ricky-maravilla","status":"publish","type":"post","link":"https:\/\/laurbedigital.com.ar\/noticias\/2021\/09\/24\/fiesta-de-la-primavera-en-glew-artistas-locales-concurso-de-manchas-y-ricky-maravilla\/","title":{"rendered":"Fiesta de la primavera en Glew: artistas locales, concurso de manchas y Ricky Maravilla"},"content":{"rendered":"<p>&nbsp;<\/p>\n<h5 style=\"font-weight: 400;\">El Municipio de Almirante Brown, junto con m\u00e1s de 30 instituciones barriales, celebrar\u00e1 este domingo 26 de septiembre la Fiesta de la Primavera en Glew con shows musicales, espect\u00e1culos de artistas locales y un cierre de lujo con Irup\u00e9 Tarrag\u00f3 Ros y Ricky Maravilla.<\/h5>\n<p style=\"font-weight: 400;\"><img loading=\"lazy\" decoding=\"async\" class=\"wp-image-62112 alignright\" src=\"https:\/\/laurbedigital.com.ar\/noticias\/wp-content\/uploads\/2021\/09\/20210924-Brown-Fiesta-1.jpg\" alt=\"\" width=\"334\" height=\"186\" title=\"\" srcset=\"https:\/\/laurbedigital.com.ar\/noticias\/wp-content\/uploads\/2021\/09\/20210924-Brown-Fiesta-1.jpg 768w, https:\/\/laurbedigital.com.ar\/noticias\/wp-content\/uploads\/2021\/09\/20210924-Brown-Fiesta-1-300x167.jpg 300w\" sizes=\"auto, (max-width: 334px) 100vw, 334px\" \/>La jornada se llevar\u00e1 adelante desde el mediod\u00eda en la plaza San Mart\u00edn, ubicada en el cruce de Rafael Obligado y Evaristo Carriego, y contar\u00e1 con una Feria Artesanal de Emprendedores locales con comidas t\u00edpicas y el tradicional Concurso de Manchas Ra\u00fal Soldi.<\/p>\n<p style=\"font-weight: 400;\">Dicho concurso, que es considerado una fiesta tradicional de Glew, comenz\u00f3 con Ra\u00fal Soldi hace m\u00e1s de 40 a\u00f1os y se mantiene vigente con la iniciativa de la Fundaci\u00f3n Soldi y de otras 30 instituciones locales, todo con el apoyo del Instituto Municipal de las Culturas, a trav\u00e9s del Municipio de Almirante Brown.<\/p>\n<p>Adem\u00e1s, habr\u00e1 premios a las mejores vidrieras comerciales y un amplio abanico de artistas y espect\u00e1culos locales, entre ellos comedias musicales, danzas y teatro, adem\u00e1s de un cierre de lujo a cargo Irup\u00e9 Tarrag\u00f3 Ros y el reconocido cantante de m\u00fasica popular Ricky Maravilla.<\/p>\n<p>Todas estas actividades se llevar\u00e1n a cabo respetando las medidas sanitarias en el marco de la pandemia del Coronavirus.<\/p>\n<p><em>(Im\u00e1genes de archivo)<\/em><\/p>\n","protected":false},"excerpt":{"rendered":"<p>&nbsp; El Municipio de Almirante Brown, junto con m\u00e1s de 30 instituciones barriales, celebrar\u00e1 este domingo 26 de septiembre la<\/p>\n","protected":false},"author":1,"featured_media":62114,"comment_status":"closed","ping_status":"closed","sticky":false,"template":"","format":"standard","meta":{"kia_subtitle":"","footnotes":"","jetpack_publicize_message":"","jetpack_publicize_feature_enabled":true,"jetpack_social_post_already_shared":true,"jetpack_social_options":{"image_generator_settings":{"template":"highway","default_image_id":0,"font":"","enabled":false},"version":2}},"categories":[2,51,50],"tags":[],"class_list":["post-62110","post","type-post","status-publish","format-standard","has-post-thumbnail","hentry","category-alte-brown","category-adrogue","category-glew"],"jetpack_publicize_connections":[],"jetpack_featured_media_url":"https:\/\/laurbedigital.com.ar\/noticias\/wp-content\/uploads\/2021\/09\/20210924-Brown-Ricky.jpg","_links":{"self":[{"href":"https:\/\/laurbedigital.com.ar\/noticias\/wp-json\/wp\/v2\/posts\/62110","targetHints":{"allow":["GET"]}}],"collection":[{"href":"https:\/\/laurbedigital.com.ar\/noticias\/wp-json\/wp\/v2\/posts"}],"about":[{"href":"https:\/\/laurbedigital.com.ar\/noticias\/wp-json\/wp\/v2\/types\/post"}],"author":[{"embeddable":true,"href":"https:\/\/laurbedigital.com.ar\/noticias\/wp-json\/wp\/v2\/users\/1"}],"replies":[{"embeddable":true,"href":"https:\/\/laurbedigital.com.ar\/noticias\/wp-json\/wp\/v2\/comments?post=62110"}],"version-history":[{"count":2,"href":"https:\/\/laurbedigital.com.ar\/noticias\/wp-json\/wp\/v2\/posts\/62110\/revisions"}],"predecessor-version":[{"id":62116,"href":"https:\/\/laurbedigital.com.ar\/noticias\/wp-json\/wp\/v2\/posts\/62110\/revisions\/62116"}],"wp:featuredmedia":[{"embeddable":true,"href":"https:\/\/laurbedigital.com.ar\/noticias\/wp-json\/wp\/v2\/media\/62114"}],"wp:attachment":[{"href":"https:\/\/laurbedigital.com.ar\/noticias\/wp-json\/wp\/v2\/media?parent=62110"}],"wp:term":[{"taxonomy":"category","embeddable":true,"href":"https:\/\/laurbedigital.com.ar\/noticias\/wp-json\/wp\/v2\/categories?post=62110"},{"taxonomy":"post_tag","embeddable":true,"href":"https:\/\/laurbedigital.com.ar\/noticias\/wp-json\/wp\/v2\/tags?post=62110"}],"curies":[{"name":"wp","href":"https:\/\/api.w.org\/{rel}","templated":true}]}}