{"id":62105,"date":"2021-09-24T12:06:51","date_gmt":"2021-09-24T15:06:51","guid":{"rendered":"https:\/\/laurbedigital.com.ar\/noticias\/?p=62105"},"modified":"2021-09-24T12:06:51","modified_gmt":"2021-09-24T15:06:51","slug":"los-juegos-bonaerenses-regresan-a-mar-del-plata-en-noviembre","status":"publish","type":"post","link":"https:\/\/laurbedigital.com.ar\/noticias\/2021\/09\/24\/los-juegos-bonaerenses-regresan-a-mar-del-plata-en-noviembre\/","title":{"rendered":"Los Juegos Bonaerenses regresan a Mar del Plata en noviembre"},"content":{"rendered":"<p>&nbsp;<\/p>\n<h5>As\u00ed lo anunci\u00f3 el Gobierno de la provincia de Buenos Aires, a trav\u00e9s de la Subsecretar\u00eda de Deportes, dependiente del Ministerio de Desarrollo de la Comunidad.<\/h5>\n<p><img loading=\"lazy\" decoding=\"async\" class=\"wp-image-49767 alignleft\" src=\"https:\/\/laurbedigital.com.ar\/noticias\/wp-content\/uploads\/2021\/03\/20210329-juegos-bonaerenses-2021.jpg\" alt=\"\" width=\"429\" height=\"239\" title=\"\" srcset=\"https:\/\/laurbedigital.com.ar\/noticias\/wp-content\/uploads\/2021\/03\/20210329-juegos-bonaerenses-2021.jpg 800w, https:\/\/laurbedigital.com.ar\/noticias\/wp-content\/uploads\/2021\/03\/20210329-juegos-bonaerenses-2021-300x167.jpg 300w, https:\/\/laurbedigital.com.ar\/noticias\/wp-content\/uploads\/2021\/03\/20210329-juegos-bonaerenses-2021-768x428.jpg 768w\" sizes=\"auto, (max-width: 429px) 100vw, 429px\" \/>Debido a los anuncios recientemente realizados por las autoridades nacionales y provinciales respecto a las nuevas aperturas que se dan en el marco de la baja sostenida del n\u00famero de casos diarios de COVID 19 y del porcentaje de poblaci\u00f3n ya inoculada, la Subsecretar\u00eda de Deportes de la provincia de Buenos Aires anunci\u00f3 que la Final Provincial de los Juegos Bonaerenses Edici\u00f3n 30\u00ba se realizar\u00e1 en Mar del Plata.<\/p>\n<p>Desde el Ejecutivo provincial dieron a conocer que la competencia se realizar\u00e1 en noviembre y mantendr\u00e1 su formato tradicional, de manera centralizada y presencial, en la ciudad balnearia. El evento, que cont\u00f3 con m\u00e1s de 100.000 inscriptos, se lleva a cabo desde marzo de este a\u00f1o, en articulaci\u00f3n con diferentes \u00e1reas del Ministerio de Desarrollo de la Comunidad y la Subsecretar\u00eda de Promoci\u00f3n Sociocultural de la Provincia de Buenos Aires, dependiente del Ministerio de Producci\u00f3n, Ciencia e Innovaci\u00f3n Tecnol\u00f3gica.<\/p>\n<p>La Subsecretar\u00eda de Deportes dispuso de diferentes apoyos econ\u00f3micos a cada municipio de la provincia para garantizar los gastos log\u00edsticos y de organizaci\u00f3n que demanda esta competencia. En los pr\u00f3ximos d\u00edas, desde esta cartera provincial se dar\u00e1n a conocer m\u00e1s detalles sobre el evento deportivo y cultural m\u00e1s importante de la provincia de Buenos Aires.<\/p>\n<p>&nbsp;<\/p>\n<p>&nbsp;<\/p>\n","protected":false},"excerpt":{"rendered":"<p>&nbsp; As\u00ed lo anunci\u00f3 el Gobierno de la provincia de Buenos Aires, a trav\u00e9s de la Subsecretar\u00eda de Deportes, dependiente<\/p>\n","protected":false},"author":1,"featured_media":62106,"comment_status":"closed","ping_status":"closed","sticky":false,"template":"","format":"standard","meta":{"kia_subtitle":"","footnotes":"","jetpack_publicize_message":"","jetpack_publicize_feature_enabled":true,"jetpack_social_post_already_shared":true,"jetpack_social_options":{"image_generator_settings":{"template":"highway","default_image_id":0,"font":"","enabled":false},"version":2}},"categories":[3,56],"tags":[],"class_list":["post-62105","post","type-post","status-publish","format-standard","has-post-thumbnail","hentry","category-actualidad","category-buenos-aires"],"jetpack_publicize_connections":[],"jetpack_featured_media_url":"https:\/\/laurbedigital.com.ar\/noticias\/wp-content\/uploads\/2021\/09\/20210924-Juego-Bonaerenses.jpg","_links":{"self":[{"href":"https:\/\/laurbedigital.com.ar\/noticias\/wp-json\/wp\/v2\/posts\/62105","targetHints":{"allow":["GET"]}}],"collection":[{"href":"https:\/\/laurbedigital.com.ar\/noticias\/wp-json\/wp\/v2\/posts"}],"about":[{"href":"https:\/\/laurbedigital.com.ar\/noticias\/wp-json\/wp\/v2\/types\/post"}],"author":[{"embeddable":true,"href":"https:\/\/laurbedigital.com.ar\/noticias\/wp-json\/wp\/v2\/users\/1"}],"replies":[{"embeddable":true,"href":"https:\/\/laurbedigital.com.ar\/noticias\/wp-json\/wp\/v2\/comments?post=62105"}],"version-history":[{"count":3,"href":"https:\/\/laurbedigital.com.ar\/noticias\/wp-json\/wp\/v2\/posts\/62105\/revisions"}],"predecessor-version":[{"id":62109,"href":"https:\/\/laurbedigital.com.ar\/noticias\/wp-json\/wp\/v2\/posts\/62105\/revisions\/62109"}],"wp:featuredmedia":[{"embeddable":true,"href":"https:\/\/laurbedigital.com.ar\/noticias\/wp-json\/wp\/v2\/media\/62106"}],"wp:attachment":[{"href":"https:\/\/laurbedigital.com.ar\/noticias\/wp-json\/wp\/v2\/media?parent=62105"}],"wp:term":[{"taxonomy":"category","embeddable":true,"href":"https:\/\/laurbedigital.com.ar\/noticias\/wp-json\/wp\/v2\/categories?post=62105"},{"taxonomy":"post_tag","embeddable":true,"href":"https:\/\/laurbedigital.com.ar\/noticias\/wp-json\/wp\/v2\/tags?post=62105"}],"curies":[{"name":"wp","href":"https:\/\/api.w.org\/{rel}","templated":true}]}}