{"id":62031,"date":"2021-09-23T13:51:49","date_gmt":"2021-09-23T16:51:49","guid":{"rendered":"https:\/\/laurbedigital.com.ar\/noticias\/?p=62031"},"modified":"2021-09-23T13:51:49","modified_gmt":"2021-09-23T16:51:49","slug":"es-fundamental-que-avancemos-entre-todos-para-lograr-seguridad-alimentaria-y-hambre-cero","status":"publish","type":"post","link":"https:\/\/laurbedigital.com.ar\/noticias\/2021\/09\/23\/es-fundamental-que-avancemos-entre-todos-para-lograr-seguridad-alimentaria-y-hambre-cero\/","title":{"rendered":"\u00abEs fundamental que avancemos entre todos para lograr seguridad alimentaria y hambre cero\u00bb"},"content":{"rendered":"<p>&nbsp;<\/p>\n<h5>El Presidente, a trav\u00e9s de un mensaje grabado,\u00a0pidi\u00f3 eliminar \u00abpol\u00edticas agr\u00edcolas distorsivas y proteccionistas que han perjudicado tradicionalmente a los productores agr\u00edcolas\u00bb de los pa\u00edses en desarrollo.<\/h5>\n<p>El presidente\u00a0<strong>Alberto Fern\u00e1ndez<\/strong>\u00a0pidi\u00f3\u00a0<strong>eliminar <em>\u00abpol\u00edticas agr\u00edcolas distorsivas y proteccionistas que han perjudicado tradicionalmente a los productores agr\u00edcolas<\/em><\/strong><em>\u00ab<\/em> de los pa\u00edses en desarrollo y sostuvo que \u00abel mundo puede seguir contando con la Argentina\u00bb para conseguir \u00abalimentos sanos, inocuos y nutritivos, producidos de forma sostenible\u00bb.<\/p>\n<p>Al participar este jueves al mediod\u00eda en la\u00a0<strong>Cumbre de las Naciones Unidas sobre Sistemas Alimentarios<\/strong>, el mandatario hizo hincapi\u00e9 en el car\u00e1cter \u00abfundamental\u00bb que tiene un comercio internacional est\u00e9 \u00abbasado en reglas, con la OMC en su centro\u00bb para avanzar en una alimentaci\u00f3n m\u00e1s equitativa de todo el mundo a trav\u00e9s de pr\u00e1cticas sostenibles.<\/p>\n<p><em>\u00ab<strong>En un mundo en el que contin\u00faa habiendo \u00edndices de hambre y de malnutrici\u00f3n alarmantes, es fundamental que tratemos de avanzar entre todos en la cooperaci\u00f3n entre los pa\u00edses, con solidaridad, a fin de lograr seguridad alimentaria y hambre cero<\/strong>\u00ab,<\/em> sostuvo Fern\u00e1ndez en un mensaje grabado.<\/p>\n<p>Esas metas exigen -desde el punto de vista del Presidente argentino- <em>\u00abredoblar esfuerzos para producir m\u00e1s alimentos, de la manera m\u00e1s sostenible posible\u00bb.<\/em><\/p>\n<p>Al respecto, destac\u00f3 que la Argentina <em>\u00abdesde hace d\u00e9cadas desarrolla e incorpora tecnolog\u00edas que permiten mejorar la eficiencia de los sistemas alimentarios, respetando\u00a0<strong>los tres pilares del desarrollo sostenible, el social, el econ\u00f3mico y el ambiental<\/strong>\u00ab.<\/em><\/p>\n<p>Adem\u00e1s de ratificar los compromisos adoptadas por la Naci\u00f3n en los distintos \u00e1mbitos multilaterales sobre cambio clim\u00e1tico y desarrollo social, Fern\u00e1ndez sostuvo que <em>\u00abel mundo puede seguir contando con la Argentina para continuar contribuyendo con alimentos sanos, inocuos y nutritivos, producidos de forma sostenible\u00bb.<\/em><\/p>\n<p>El encuentro fue convocado por el secretario General de la ONU,\u00a0<strong>Ant\u00f3nio Guterres<\/strong>, como parte de la D\u00e9cada de Acci\u00f3n para alcanzar los Objetivos de Desarrollo Sostenible (ODS) hacia 2030.<\/p>\n<p>De ella participan jefes de Estado, representantes de organismos internacionales, del sector privado y de la sociedad civil bajo la premisa de poner en marcha nuevas medidas, soluciones y estrategias para que los sistemas alimentarios sean m\u00e1s saludables, sostenibles y equitativos.<\/p>\n<h6 class=\"auth\">Los objetivos de la Cumbre<\/h6>\n<p>La Cumbre pondr\u00e1 en marcha <strong>medidas nuevas y audaces para avanzar en el logro de los 17 ODS<\/strong>, cada uno de los cuales depende hasta cierto punto de\u00a0<strong>sistemas alimentarios m\u00e1s saludables, sostenibles y equitativos<\/strong>\u00ab, sostuvo la ONU.<\/p>\n<p><strong>En esa ocasi\u00f3n mencion\u00f3 los siguientes objetivos:<\/strong><\/p>\n<p>&#8211;<em>\u00abGenerar medidas importantes y avances cuantificables en la consecuci\u00f3n de la Agenda 2030 para el Desarrollo Sostenible. La Cumbre lograr\u00e1 dar con soluciones y l\u00edderes, y har\u00e1 un provechoso llamamiento a la acci\u00f3n en todos los niveles del sistema alimentario, entre ellos los gobiernos nacionales y locales, las empresas y los ciudadanos\u00bb.<\/em><\/p>\n<p>-\u00abConcienciar e impulsar el debate p\u00fablico acerca de c\u00f3mo la reforma de nuestros sistemas alimentarios puede ayudarnos a todos a lograr los ODS mediante la aplicaci\u00f3n de reformas que son buenas para las personas y el planeta\u00bb.<\/p>\n<p>&#8211;<em>\u00abElaborar principios que orienten a los gobiernos y otros interesados que deseen aprovechar sus sistemas alimentarios para apoyar los ODS. Estos principios establecer\u00e1n una visi\u00f3n optimista y alentadora en la que los sistemas alimentarios desempe\u00f1ar\u00e1n un papel central en la construcci\u00f3n de un mundo m\u00e1s justo y sostenible\u00bb.<\/em><\/p>\n<p>&#8211;<em>\u00abCrear un sistema de seguimiento y examen para garantizar que los resultados de la Cumbre sigan impulsando nuevas medidas y progresos. Este sistema permitir\u00e1 el intercambio de experiencias, lecciones y conocimientos; tambi\u00e9n medir\u00e1 y analizar\u00e1 las repercusiones de la Cumbre\u00bb.<\/em><\/p>\n<p>&nbsp;<\/p>\n<p>&nbsp;<\/p>\n","protected":false},"excerpt":{"rendered":"<p>&nbsp; El Presidente, a trav\u00e9s de un mensaje grabado,\u00a0pidi\u00f3 eliminar \u00abpol\u00edticas agr\u00edcolas distorsivas y proteccionistas que han perjudicado tradicionalmente a<\/p>\n","protected":false},"author":1,"featured_media":62032,"comment_status":"closed","ping_status":"closed","sticky":false,"template":"","format":"standard","meta":{"kia_subtitle":"","footnotes":"","jetpack_publicize_message":"","jetpack_publicize_feature_enabled":true,"jetpack_social_post_already_shared":true,"jetpack_social_options":{"image_generator_settings":{"template":"highway","default_image_id":0,"font":"","enabled":false},"version":2}},"categories":[3,41],"tags":[],"class_list":["post-62031","post","type-post","status-publish","format-standard","has-post-thumbnail","hentry","category-actualidad","category-nacionales"],"jetpack_publicize_connections":[],"jetpack_featured_media_url":"https:\/\/laurbedigital.com.ar\/noticias\/wp-content\/uploads\/2021\/09\/20210923-AlbertoFernandez.jpg","_links":{"self":[{"href":"https:\/\/laurbedigital.com.ar\/noticias\/wp-json\/wp\/v2\/posts\/62031","targetHints":{"allow":["GET"]}}],"collection":[{"href":"https:\/\/laurbedigital.com.ar\/noticias\/wp-json\/wp\/v2\/posts"}],"about":[{"href":"https:\/\/laurbedigital.com.ar\/noticias\/wp-json\/wp\/v2\/types\/post"}],"author":[{"embeddable":true,"href":"https:\/\/laurbedigital.com.ar\/noticias\/wp-json\/wp\/v2\/users\/1"}],"replies":[{"embeddable":true,"href":"https:\/\/laurbedigital.com.ar\/noticias\/wp-json\/wp\/v2\/comments?post=62031"}],"version-history":[{"count":2,"href":"https:\/\/laurbedigital.com.ar\/noticias\/wp-json\/wp\/v2\/posts\/62031\/revisions"}],"predecessor-version":[{"id":62034,"href":"https:\/\/laurbedigital.com.ar\/noticias\/wp-json\/wp\/v2\/posts\/62031\/revisions\/62034"}],"wp:featuredmedia":[{"embeddable":true,"href":"https:\/\/laurbedigital.com.ar\/noticias\/wp-json\/wp\/v2\/media\/62032"}],"wp:attachment":[{"href":"https:\/\/laurbedigital.com.ar\/noticias\/wp-json\/wp\/v2\/media?parent=62031"}],"wp:term":[{"taxonomy":"category","embeddable":true,"href":"https:\/\/laurbedigital.com.ar\/noticias\/wp-json\/wp\/v2\/categories?post=62031"},{"taxonomy":"post_tag","embeddable":true,"href":"https:\/\/laurbedigital.com.ar\/noticias\/wp-json\/wp\/v2\/tags?post=62031"}],"curies":[{"name":"wp","href":"https:\/\/api.w.org\/{rel}","templated":true}]}}