{"id":61795,"date":"2021-09-20T12:43:35","date_gmt":"2021-09-20T15:43:35","guid":{"rendered":"https:\/\/laurbedigital.com.ar\/noticias\/?p=61795"},"modified":"2021-09-20T12:46:40","modified_gmt":"2021-09-20T15:46:40","slug":"nuevos-aires-de-conduccion","status":"publish","type":"post","link":"https:\/\/laurbedigital.com.ar\/noticias\/2021\/09\/20\/nuevos-aires-de-conduccion\/","title":{"rendered":"Nuevos aires de conducci\u00f3n"},"content":{"rendered":"<p>&nbsp;<\/p>\n<p>Las urnas hablaron. La Argentina tiene claros problemas derivados de las dos pandemias que se vivieron en el pa\u00eds: la neoliberal que mediante el endeudamiento gener\u00f3 altos \u00edndices de pobreza, y la de COVID -19, que nos pidi\u00f3 priorizar la salud y pensar en el otro como alguien que la primera necesidad que deb\u00eda cubrir era la de la vida.<\/p>\n<p><span style=\"font-weight: 400;\">As\u00ed y todo, el pueblo se sigui\u00f3 empobreciendo y buscando salidas a una situaci\u00f3n desesperante y cr\u00edtica. Desde La Urbe siempre dijimos que la salida es colectiva, es con el otro, es pensando en volver a la econom\u00eda solidaria, asociativa, esa econom\u00eda para muchos que abrace a las mayor\u00edas populares. Hist\u00f3ricamente, eso tambi\u00e9n se llamo peronismo. Por eso pensamos que hay alternativas individualistas que lo \u00fanico que proponen es seguir el camino de la atomizaci\u00f3n y que lejos de ser creativas, retratan recetas que no han funcionado ni en los pa\u00edses m\u00e1s adelantados del mundo.<\/p>\n<p><\/span><span style=\"font-weight: 400;\">Los cambios en el gabinete, nacional y provincial, no responden a pensar en otras pol\u00edticas, responden a acelerar procesos y generar condiciones de masificaci\u00f3n de la econom\u00eda. Podemos salir adelante, podemos reactivar la producci\u00f3n, pero lo que no podemos es volver a esquemas que frenaron la producci\u00f3n a\u00fan cuando el COVID ni siquiera era tema de todas nuestras editoriales, modelos que nos endeudaron a 100 a\u00f1os, con dinero que ning\u00fan ciudadano de a pie vio.<\/p>\n<p><\/span><span style=\"font-weight: 400;\">Est\u00e1 bien que aceleremos procesos, que vayamos por la reactivaci\u00f3n m\u00e1s r\u00e1pido, pero el proyecto, ese que enamoro a los miles que votaron hace dos a\u00f1os una situaci\u00f3n diferente, ese que nos puso de pie para querer luchar todos juntos, ese que nos conten\u00eda, que nos interpelaba y que hablaba de las corresponsabilidades compartidas.<\/p>\n<p><\/span><span style=\"font-weight: 400;\">Podemos cambiar de ejecutores de la pol\u00edtica, porque a\u00a0 veces viene bien un aire fresco, de m\u00e1s operatividad, de m\u00e1s cercan\u00eda con el pueblo y de m\u00e1s consenso, pero tenemos que avanzar a poner el pa\u00eds de pie, y hay cuestiones que no se negocian como la soberan\u00eda, como la producci\u00f3n como el trabajo y como un Estado grande que nos convoque y que nos escuche, y del que todos nos sintamos parte.<\/span><\/p>\n<p>&nbsp;<\/p>\n<p>&nbsp;<\/p>\n","protected":false},"excerpt":{"rendered":"<p>&nbsp; Las urnas hablaron. La Argentina tiene claros problemas derivados de las dos pandemias que se vivieron en el pa\u00eds:<\/p>\n","protected":false},"author":1,"featured_media":61796,"comment_status":"closed","ping_status":"closed","sticky":false,"template":"","format":"standard","meta":{"kia_subtitle":"","footnotes":"","jetpack_publicize_message":"","jetpack_publicize_feature_enabled":true,"jetpack_social_post_already_shared":true,"jetpack_social_options":{"image_generator_settings":{"template":"highway","default_image_id":0,"font":"","enabled":false},"version":2}},"categories":[26],"tags":[],"class_list":["post-61795","post","type-post","status-publish","format-standard","has-post-thumbnail","hentry","category-editorial"],"jetpack_publicize_connections":[],"jetpack_featured_media_url":"https:\/\/laurbedigital.com.ar\/noticias\/wp-content\/uploads\/2021\/09\/20210920-cambio-editorial.jpg","_links":{"self":[{"href":"https:\/\/laurbedigital.com.ar\/noticias\/wp-json\/wp\/v2\/posts\/61795","targetHints":{"allow":["GET"]}}],"collection":[{"href":"https:\/\/laurbedigital.com.ar\/noticias\/wp-json\/wp\/v2\/posts"}],"about":[{"href":"https:\/\/laurbedigital.com.ar\/noticias\/wp-json\/wp\/v2\/types\/post"}],"author":[{"embeddable":true,"href":"https:\/\/laurbedigital.com.ar\/noticias\/wp-json\/wp\/v2\/users\/1"}],"replies":[{"embeddable":true,"href":"https:\/\/laurbedigital.com.ar\/noticias\/wp-json\/wp\/v2\/comments?post=61795"}],"version-history":[{"count":4,"href":"https:\/\/laurbedigital.com.ar\/noticias\/wp-json\/wp\/v2\/posts\/61795\/revisions"}],"predecessor-version":[{"id":61800,"href":"https:\/\/laurbedigital.com.ar\/noticias\/wp-json\/wp\/v2\/posts\/61795\/revisions\/61800"}],"wp:featuredmedia":[{"embeddable":true,"href":"https:\/\/laurbedigital.com.ar\/noticias\/wp-json\/wp\/v2\/media\/61796"}],"wp:attachment":[{"href":"https:\/\/laurbedigital.com.ar\/noticias\/wp-json\/wp\/v2\/media?parent=61795"}],"wp:term":[{"taxonomy":"category","embeddable":true,"href":"https:\/\/laurbedigital.com.ar\/noticias\/wp-json\/wp\/v2\/categories?post=61795"},{"taxonomy":"post_tag","embeddable":true,"href":"https:\/\/laurbedigital.com.ar\/noticias\/wp-json\/wp\/v2\/tags?post=61795"}],"curies":[{"name":"wp","href":"https:\/\/api.w.org\/{rel}","templated":true}]}}