{"id":61702,"date":"2021-09-18T16:45:07","date_gmt":"2021-09-18T19:45:07","guid":{"rendered":"https:\/\/laurbedigital.com.ar\/noticias\/?p=61702"},"modified":"2021-09-18T16:45:07","modified_gmt":"2021-09-18T19:45:07","slug":"el-91-de-los-bonaerenses-mayores-de-60-anos-ya-tiene-el-esquema-completo-de-vacunacion","status":"publish","type":"post","link":"https:\/\/laurbedigital.com.ar\/noticias\/2021\/09\/18\/el-91-de-los-bonaerenses-mayores-de-60-anos-ya-tiene-el-esquema-completo-de-vacunacion\/","title":{"rendered":"El 91% de los bonaerenses mayores de 60 a\u00f1os ya tiene el esquema completo de vacunaci\u00f3n"},"content":{"rendered":"<p>&nbsp;<\/p>\n<h5>El 91,13% de las personas mayores de 60 a\u00f1os ya recibieron la segunda dosis de la vacuna contra el coronavirus, al tiempo que el 98,07% ya cuenta con la primera inoculaci\u00f3n, seg\u00fan el \u00faltimo informe sobre la campa\u00f1a de inmunizaci\u00f3n divulgado esta tarde por el Ministerio de Salud bonaerense.<\/h5>\n<p>En el reporte se indic\u00f3 que se aplicaron 11.143.619 vacunas de primera dosis y 7.339.271 de la segunda.<\/p>\n<p>En el segmento de 18 a 59 a\u00f1os con comorbilidades el 67,22% recibi\u00f3 el esquema completo y el 95,73% s\u00f3lo la primera dosis de la vacuna, mientras que en la misma franja etaria pero sin enfermedades de riesgo el 89,90% recibi\u00f3 la primera dosis y el 42,91% la segunda.<\/p>\n<p>En cuanto al sector de j\u00f3venes de entre 12 y 17 a\u00f1os con factores de riesgo el 82,53% recibi\u00f3 la primera vacuna, mientras que el 33% ya tiene el esquema completo.<\/p>\n<p>En relaci\u00f3n al personal de seguridad el 90,52% de los inscriptos tiene la primera vacuna y el 48,49% recibi\u00f3 tambi\u00e9n la segunda.<\/p>\n<p>En el rubro docente y no docente el 96,66% de los inscriptos ya cuenta la primera dosis y el 66,91% tiene el esquema completo.<\/p>\n<p>&nbsp;<\/p>\n","protected":false},"excerpt":{"rendered":"<p>&nbsp; El 91,13% de las personas mayores de 60 a\u00f1os ya recibieron la segunda dosis de la vacuna contra el<\/p>\n","protected":false},"author":1,"featured_media":61703,"comment_status":"closed","ping_status":"closed","sticky":false,"template":"","format":"standard","meta":{"kia_subtitle":"","footnotes":"","jetpack_publicize_message":"","jetpack_publicize_feature_enabled":true,"jetpack_social_post_already_shared":true,"jetpack_social_options":{"image_generator_settings":{"template":"highway","default_image_id":0,"font":"","enabled":false},"version":2}},"categories":[3,56],"tags":[],"class_list":["post-61702","post","type-post","status-publish","format-standard","has-post-thumbnail","hentry","category-actualidad","category-buenos-aires"],"jetpack_publicize_connections":[],"jetpack_featured_media_url":"https:\/\/laurbedigital.com.ar\/noticias\/wp-content\/uploads\/2021\/09\/20210918-Vacunacion2.jpg","_links":{"self":[{"href":"https:\/\/laurbedigital.com.ar\/noticias\/wp-json\/wp\/v2\/posts\/61702","targetHints":{"allow":["GET"]}}],"collection":[{"href":"https:\/\/laurbedigital.com.ar\/noticias\/wp-json\/wp\/v2\/posts"}],"about":[{"href":"https:\/\/laurbedigital.com.ar\/noticias\/wp-json\/wp\/v2\/types\/post"}],"author":[{"embeddable":true,"href":"https:\/\/laurbedigital.com.ar\/noticias\/wp-json\/wp\/v2\/users\/1"}],"replies":[{"embeddable":true,"href":"https:\/\/laurbedigital.com.ar\/noticias\/wp-json\/wp\/v2\/comments?post=61702"}],"version-history":[{"count":2,"href":"https:\/\/laurbedigital.com.ar\/noticias\/wp-json\/wp\/v2\/posts\/61702\/revisions"}],"predecessor-version":[{"id":61705,"href":"https:\/\/laurbedigital.com.ar\/noticias\/wp-json\/wp\/v2\/posts\/61702\/revisions\/61705"}],"wp:featuredmedia":[{"embeddable":true,"href":"https:\/\/laurbedigital.com.ar\/noticias\/wp-json\/wp\/v2\/media\/61703"}],"wp:attachment":[{"href":"https:\/\/laurbedigital.com.ar\/noticias\/wp-json\/wp\/v2\/media?parent=61702"}],"wp:term":[{"taxonomy":"category","embeddable":true,"href":"https:\/\/laurbedigital.com.ar\/noticias\/wp-json\/wp\/v2\/categories?post=61702"},{"taxonomy":"post_tag","embeddable":true,"href":"https:\/\/laurbedigital.com.ar\/noticias\/wp-json\/wp\/v2\/tags?post=61702"}],"curies":[{"name":"wp","href":"https:\/\/api.w.org\/{rel}","templated":true}]}}