{"id":61617,"date":"2021-09-16T20:35:11","date_gmt":"2021-09-16T23:35:11","guid":{"rendered":"https:\/\/laurbedigital.com.ar\/noticias\/?p=61617"},"modified":"2021-09-16T20:35:11","modified_gmt":"2021-09-16T23:35:11","slug":"crecieron-las-ventas-y-se-desacelero-la-suba-de-precios-en-kioscos-y-almacenes","status":"publish","type":"post","link":"https:\/\/laurbedigital.com.ar\/noticias\/2021\/09\/16\/crecieron-las-ventas-y-se-desacelero-la-suba-de-precios-en-kioscos-y-almacenes\/","title":{"rendered":"Crecieron las ventas y se desaceler\u00f3 la suba de precios en kioscos y almacenes"},"content":{"rendered":"<p>&nbsp;<\/p>\n<h5>De acuerdo a un informe presentado por entidades que agrupan supermercados y autoservicios, los comercios peque\u00f1os siguen teniendo recuperaci\u00f3n, pasaron de estar completamente cerrados en pandemia a empezar a tener m\u00e1s movimiento.<\/h5>\n<p>El consumo masivo registr\u00f3 en agosto una recuperaci\u00f3n del volumen de\u00a0<strong>ventas<\/strong>\u00a0y una\u00a0<strong>desaceleraci\u00f3n en el ritmo de suba de precios en kioscos y almacenes<\/strong>, de acuerdo con un informe privado.<\/p>\n<p><strong>Kioscos y almacenes registraron una suba de 11,6% en el acumulado del a\u00f1o respecto de igual per\u00edodo de 2020<\/strong>, mientras que otros canales como autoservicios y supermercados cayeron 18,1% y 4,3% respectivamente, seg\u00fan un estudio de Scanntech presentado por la C\u00e1mara Argentina de Supermercados (CAS) y la Federaci\u00f3n Argentina de Supermercados y Autoservicios (FASA).<\/p>\n<p>En promedio, el consumo cay\u00f3 10,2% en agosto y acumulado del a\u00f1o perdi\u00f3 11,1% en comparaci\u00f3n con 2020, sobre la base del relevamiento realizado en 650 puntos de venta en todo el pa\u00eds.<\/p>\n<p>Al presentar el informe, el gerente de Cuentas de Scanntech, Dar\u00edo Hern\u00e1ndez, dijo que <em>\u00aba nivel canales, los\u00a0<strong>kioscos y almacenes siguen teniendo recuperaci\u00f3n<\/strong>, pasaron de estar completamente cerrados en pandemia a empezar a tener m\u00e1s movimiento y por eso el canal recuper\u00f3 el consumo\u00bb.<\/em><\/p>\n<p><em>\u00abLos supermercados est\u00e1n achicando su ca\u00edda y los autoservicios con una ca\u00edda cercana a 18 puntos se vienen manteniendo estables en los \u00faltimos meses\u00bb,<\/em> detall\u00f3.<\/p>\n<p><img loading=\"lazy\" decoding=\"async\" class=\"alignnone size-full wp-image-61619\" src=\"https:\/\/laurbedigital.com.ar\/noticias\/wp-content\/uploads\/2021\/09\/20210916-Almacen1.jpg\" alt=\"\" width=\"768\" height=\"428\" title=\"\" srcset=\"https:\/\/laurbedigital.com.ar\/noticias\/wp-content\/uploads\/2021\/09\/20210916-Almacen1.jpg 768w, https:\/\/laurbedigital.com.ar\/noticias\/wp-content\/uploads\/2021\/09\/20210916-Almacen1-300x167.jpg 300w\" sizes=\"auto, (max-width: 768px) 100vw, 768px\" \/><\/p>\n<p>En cuanto a las distintas categor\u00edas de productos,\u00a0<strong>alimentos<\/strong>\u00a0cay\u00f3 17,1% interanual en agosto;\u00a0<strong>bebidas<\/strong>\u00a0perdi\u00f3 1% interanual con lo que mostr\u00f3 una recuperaci\u00f3n tras ser la m\u00e1s golpeada en 2020;\u00a0<strong>cuidado personal<\/strong>\u00a0se mantuvo estable con una ca\u00edda de 13,6%; y\u00a0<strong>limpieza<\/strong>\u00a0perdi\u00f3 15,5% por una relajaci\u00f3n en los hogares en cuanto a la desinfecci\u00f3n por el contexto sanitario.<\/p>\n<p>En particular, Hern\u00e1ndez sostuvo que <em>\u00ab<strong>golosinas, congelados y copet\u00edn y snacks son categor\u00edas que vienen recuper\u00e1ndose por la posibilidad de hacer reuniones sociales<\/strong>\u00ab.<\/em><\/p>\n<p>Acerca de los precios, la consultora observ\u00f3 un incremento de 2,6% en agosto respecto del mes anterior, y un <em>\u00ab<strong>cambio de tendencia<\/strong>\u00ab<\/em> con mayor incremento en supermercados que en los canales tradicionales, como kioscos y almacenes.<\/p>\n<p><em>\u00abAgosto fue uno de los meses del a\u00f1o con menor incremento de precios, en autoservicios es menor todav\u00eda, es una buena noticia; en el canal tradicional el aumento de precios est\u00e1 desacelerando, en supermercados no, tiene que ver con una recuperaci\u00f3n de rentabilidad\u00bb,<\/em> concluy\u00f3 Hern\u00e1ndez.<\/p>\n","protected":false},"excerpt":{"rendered":"<p>&nbsp; De acuerdo a un informe presentado por entidades que agrupan supermercados y autoservicios, los comercios peque\u00f1os siguen teniendo recuperaci\u00f3n,<\/p>\n","protected":false},"author":1,"featured_media":61618,"comment_status":"closed","ping_status":"closed","sticky":false,"template":"","format":"standard","meta":{"kia_subtitle":"","footnotes":"","jetpack_publicize_message":"","jetpack_publicize_feature_enabled":true,"jetpack_social_post_already_shared":true,"jetpack_social_options":{"image_generator_settings":{"template":"highway","default_image_id":0,"font":"","enabled":false},"version":2}},"categories":[3,41],"tags":[],"class_list":["post-61617","post","type-post","status-publish","format-standard","has-post-thumbnail","hentry","category-actualidad","category-nacionales"],"jetpack_publicize_connections":[],"jetpack_featured_media_url":"https:\/\/laurbedigital.com.ar\/noticias\/wp-content\/uploads\/2021\/09\/20210916-Almacen.jpg","_links":{"self":[{"href":"https:\/\/laurbedigital.com.ar\/noticias\/wp-json\/wp\/v2\/posts\/61617","targetHints":{"allow":["GET"]}}],"collection":[{"href":"https:\/\/laurbedigital.com.ar\/noticias\/wp-json\/wp\/v2\/posts"}],"about":[{"href":"https:\/\/laurbedigital.com.ar\/noticias\/wp-json\/wp\/v2\/types\/post"}],"author":[{"embeddable":true,"href":"https:\/\/laurbedigital.com.ar\/noticias\/wp-json\/wp\/v2\/users\/1"}],"replies":[{"embeddable":true,"href":"https:\/\/laurbedigital.com.ar\/noticias\/wp-json\/wp\/v2\/comments?post=61617"}],"version-history":[{"count":1,"href":"https:\/\/laurbedigital.com.ar\/noticias\/wp-json\/wp\/v2\/posts\/61617\/revisions"}],"predecessor-version":[{"id":61620,"href":"https:\/\/laurbedigital.com.ar\/noticias\/wp-json\/wp\/v2\/posts\/61617\/revisions\/61620"}],"wp:featuredmedia":[{"embeddable":true,"href":"https:\/\/laurbedigital.com.ar\/noticias\/wp-json\/wp\/v2\/media\/61618"}],"wp:attachment":[{"href":"https:\/\/laurbedigital.com.ar\/noticias\/wp-json\/wp\/v2\/media?parent=61617"}],"wp:term":[{"taxonomy":"category","embeddable":true,"href":"https:\/\/laurbedigital.com.ar\/noticias\/wp-json\/wp\/v2\/categories?post=61617"},{"taxonomy":"post_tag","embeddable":true,"href":"https:\/\/laurbedigital.com.ar\/noticias\/wp-json\/wp\/v2\/tags?post=61617"}],"curies":[{"name":"wp","href":"https:\/\/api.w.org\/{rel}","templated":true}]}}