{"id":61607,"date":"2021-09-16T19:58:21","date_gmt":"2021-09-16T22:58:21","guid":{"rendered":"https:\/\/laurbedigital.com.ar\/noticias\/?p=61607"},"modified":"2021-09-16T20:04:13","modified_gmt":"2021-09-16T23:04:13","slug":"comienza-en-los-proximos-dias-la-vacunacion-a-adolescentes-sin-factores-de-riesgo","status":"publish","type":"post","link":"https:\/\/laurbedigital.com.ar\/noticias\/2021\/09\/16\/comienza-en-los-proximos-dias-la-vacunacion-a-adolescentes-sin-factores-de-riesgo\/","title":{"rendered":"Comienza en los pr\u00f3ximos d\u00edas la vacunaci\u00f3n a adolescentes sin factores de riesgo"},"content":{"rendered":"<p>&nbsp;<\/p>\n<h5>Autoridades de salud de las provincias confirmaron este mi\u00e9rcoles que la campa\u00f1a de\u00a0<strong>vacunaci\u00f3n contra el coronavirus<\/strong>\u00a0se extender\u00e1 en los pr\u00f3ximos d\u00edas a\u00a0<strong>adolescentes de 17 a\u00f1os sin factores de riesgo<\/strong> tras la distribuci\u00f3n de m\u00e1s de cien mil vacunas del laboratorio Pfizer en todo el pa\u00eds y la llegada de un segundo lote de 160 mil de esas dosis&#8230;\u00a0 <a href=\"https:\/\/bit.ly\/3lvXEIY\" target=\"_blank\" rel=\"noopener\">https:\/\/bit.ly\/3lvXEIY<\/a>\u00a0 &#x1f448;<\/h5>\n<p>&nbsp;<\/p>\n<p>Asimismo, continuaban los operativos de vacunaci\u00f3n con sistemas de presentaci\u00f3n espont\u00e1nea para mayores de edad, b\u00fasqueda de personas no vacunadas para instarlas a recibir sus dosis o completar esquemas vacunatorios y la entrega de turnos de acuerdo a los registros de cada jurisdicci\u00f3n en base a la disponibilidad de los productos de al menos cinco laboratorios de distintos pa\u00edses.<\/p>\n<p>El\u00a0<strong>Consejo Federal de Salud<\/strong>, que integran todos los ministros del \u00e1rea de las provincias y la ministra nacional<strong>\u00a0Carla Vizzotti<\/strong>, ratific\u00f3 en su reuni\u00f3n virtual de ayer la decisi\u00f3n de avanzar con la vacunaci\u00f3n contra COVID-19 a adolescentes sin comorbilidades para lo cual los distintos distritos convocaron a anotarse en las p\u00e1ginas oficiales a los interesados en recibir vacunas de Pfizer o Moderna, las \u00fanicas autorizadas para los menores de edad.<\/p>\n<p><img loading=\"lazy\" decoding=\"async\" class=\"alignnone size-full wp-image-59787\" src=\"https:\/\/laurbedigital.com.ar\/noticias\/wp-content\/uploads\/2021\/08\/20210821-vacunacion-adolescentes.jpg\" alt=\"\" width=\"768\" height=\"428\" title=\"\" srcset=\"https:\/\/laurbedigital.com.ar\/noticias\/wp-content\/uploads\/2021\/08\/20210821-vacunacion-adolescentes.jpg 768w, https:\/\/laurbedigital.com.ar\/noticias\/wp-content\/uploads\/2021\/08\/20210821-vacunacion-adolescentes-300x167.jpg 300w\" sizes=\"auto, (max-width: 768px) 100vw, 768px\" \/><\/p>\n<h6><strong>Provincia de Buenos Aires<\/strong><\/h6>\n<p>En Buenos Aires, el ministro de Salud,\u00a0<strong>Nicol\u00e1s Kreplak<\/strong>, destac\u00f3 que en la provincia se alcanzaron <em>\u201clas 16 semanas de descenso sostenido de casos de #COVID, con una reducci\u00f3n del 93% desde el pico de la segunda ola\u201d<\/em> y sostuvo que el avance de la campa\u00f1a de vacunaci\u00f3n en el distrito <em>\u201ccon la aplicaci\u00f3n r\u00e9cord de dosis durante julio y agosto son el principal motivo de este notorio descenso\u201d.<\/em><\/p>\n<p>Tras indicar que este mi\u00e9rcoles se hab\u00edan enviado\u00a0<strong>500 mil nuevos turnos<\/strong>, el funcionario se\u00f1al\u00f3 que<em> \u201ctenemos que ser\u00a0<strong>muy cuidadosos con las nuevas aperturas<\/strong>\u00a0y que la vuelta a la normalidad sea de manera progresiva\u201d.<\/em><\/p>\n<p>En ese sentido, el asesor del Ministerio de Salud bonaerense,\u00a0<strong>Jorge Rachid<\/strong>, dijo que la provincia estaba <em>\u201ccerca de terminar (de vacunar) a los mayores de 18 a\u00f1os con una dosis\u201d.<\/em><\/p>\n<p>En Bah\u00eda Blanca, el director de la Regi\u00f3n Sanitaria Primera, Maximiliano Nu\u00f1ez Fari\u00f1a, dijo que estaban<em> \u201cconfiados del trabajo que se viene haciendo con la vacunaci\u00f3n y con la concientizaci\u00f3n del sistema sanitario y de la gente que est\u00e1 dando sus frutos con la baja de casos y de contagios\u201d.<\/em> t\u00e9lam<\/p>\n<p>&nbsp;<\/p>\n","protected":false},"excerpt":{"rendered":"<p>&nbsp; Autoridades de salud de las provincias confirmaron este mi\u00e9rcoles que la campa\u00f1a de\u00a0vacunaci\u00f3n contra el coronavirus\u00a0se extender\u00e1 en los<\/p>\n","protected":false},"author":1,"featured_media":61608,"comment_status":"closed","ping_status":"closed","sticky":false,"template":"","format":"standard","meta":{"kia_subtitle":"","footnotes":"","jetpack_publicize_message":"","jetpack_publicize_feature_enabled":true,"jetpack_social_post_already_shared":true,"jetpack_social_options":{"image_generator_settings":{"template":"highway","default_image_id":0,"font":"","enabled":false},"version":2}},"categories":[3,41],"tags":[],"class_list":["post-61607","post","type-post","status-publish","format-standard","has-post-thumbnail","hentry","category-actualidad","category-nacionales"],"jetpack_publicize_connections":[],"jetpack_featured_media_url":"https:\/\/laurbedigital.com.ar\/noticias\/wp-content\/uploads\/2021\/09\/20210916-Vacunacion1.jpg","_links":{"self":[{"href":"https:\/\/laurbedigital.com.ar\/noticias\/wp-json\/wp\/v2\/posts\/61607","targetHints":{"allow":["GET"]}}],"collection":[{"href":"https:\/\/laurbedigital.com.ar\/noticias\/wp-json\/wp\/v2\/posts"}],"about":[{"href":"https:\/\/laurbedigital.com.ar\/noticias\/wp-json\/wp\/v2\/types\/post"}],"author":[{"embeddable":true,"href":"https:\/\/laurbedigital.com.ar\/noticias\/wp-json\/wp\/v2\/users\/1"}],"replies":[{"embeddable":true,"href":"https:\/\/laurbedigital.com.ar\/noticias\/wp-json\/wp\/v2\/comments?post=61607"}],"version-history":[{"count":4,"href":"https:\/\/laurbedigital.com.ar\/noticias\/wp-json\/wp\/v2\/posts\/61607\/revisions"}],"predecessor-version":[{"id":61612,"href":"https:\/\/laurbedigital.com.ar\/noticias\/wp-json\/wp\/v2\/posts\/61607\/revisions\/61612"}],"wp:featuredmedia":[{"embeddable":true,"href":"https:\/\/laurbedigital.com.ar\/noticias\/wp-json\/wp\/v2\/media\/61608"}],"wp:attachment":[{"href":"https:\/\/laurbedigital.com.ar\/noticias\/wp-json\/wp\/v2\/media?parent=61607"}],"wp:term":[{"taxonomy":"category","embeddable":true,"href":"https:\/\/laurbedigital.com.ar\/noticias\/wp-json\/wp\/v2\/categories?post=61607"},{"taxonomy":"post_tag","embeddable":true,"href":"https:\/\/laurbedigital.com.ar\/noticias\/wp-json\/wp\/v2\/tags?post=61607"}],"curies":[{"name":"wp","href":"https:\/\/api.w.org\/{rel}","templated":true}]}}