{"id":61408,"date":"2021-09-13T08:16:03","date_gmt":"2021-09-13T11:16:03","guid":{"rendered":"https:\/\/laurbedigital.com.ar\/noticias\/?p=61408"},"modified":"2021-09-13T08:16:03","modified_gmt":"2021-09-13T11:16:03","slug":"los-contagios-de-coronavirus-cayeron-por-decimosexta-semana-en-la-provincia-de-buenos-aires","status":"publish","type":"post","link":"https:\/\/laurbedigital.com.ar\/noticias\/2021\/09\/13\/los-contagios-de-coronavirus-cayeron-por-decimosexta-semana-en-la-provincia-de-buenos-aires\/","title":{"rendered":"Los contagios de coronavirus cayeron por decimosexta semana en la provincia de Buenos Aires"},"content":{"rendered":"<p>&nbsp;<\/p>\n<h5>El jefe de Gabinete bonaerense, Carlos Bianco, destac\u00f3 el descenso de casos de coronavirus en la provincia de Buenos Aires por decimosexta semana consecutiva y destac\u00f3 que \u00abla vacuna le est\u00e1 ganando la batalla al coronavirus\u00bb.<\/h5>\n<p><em>\u00abDecimosexta semana consecutiva de ca\u00edda de casos en Provincia, con un promedio diario de 798 casos: -27% respecto a la semana pasada y -93% respecto del pico de la segunda ola\u00bb,<\/em> poste\u00f3 en las \u00faltimas horas Bianco en su cuenta oficial de Twitter.<\/p>\n<p>Bianco comparti\u00f3 un gr\u00e1fico que se\u00f1ala que en la semana del 24 al 30 de mayo los contagios de coronavirus ascend\u00edan a 10.973 mientras que en la semana posterior (31 de mayo al 6 de junio) se redujeron a 9.950.<\/p>\n<p>Luego, del 7 al 13 de junio, los casos de coronavirus bajaron a 8.294; en la semana siguiente (14 al 20 de junio) se ubicaron en 7016, y despu\u00e9s, en la cuarta semana de junio (21-27 de junio), fueron 6.314; para posteriormente descender hasta 5.965 (28 de junio al 4 de julio) y 4.717 (5-11 de julio).<\/p>\n<p>Entre el 12 y el 18 de julio los contagios fueron 4.477; entre el 19 y el 25 de julio llegaron a 3.610; despu\u00e9s, en la \u00faltima semana de julio (26 de julio-1\u00b0 de agosto), descendieron a 3.325.<\/p>\n<p>La disminuci\u00f3n continu\u00f3 en el mes en curso ya que en la semana del 2 al 8 de agosto los nuevos casos positivos de Covid llegaron a 3.050 mientras que en la \u00faltima semana, del 9 al 15 de agosto, bajaron a 2.247.<\/p>\n<p>En la semana del 16 al 22 de agosto los casos llegaron a 1.664; la semana del 23 al 29 de agosto bajaron a 1.431; entre el 30 de agosto y el 5 de septiembre descendieron a 1.100 y desde el 6 de septiembre a la fecha, bajaron a 814.<\/p>\n<blockquote class=\"twitter-tweet\">\n<p dir=\"ltr\" lang=\"es\">Decimosexta semana consecutiva de ca\u00edda de casos en PBA, con un promedio diario de 798 casos: -27% respecto a la semana pasada y -93% respecto del pico de la segunda ola. La vacuna le est\u00e1 ganando la batalla al coronavirus. <a href=\"https:\/\/t.co\/6b8xHEY8XW\">pic.twitter.com\/6b8xHEY8XW<\/a><\/p>\n<p>\u2014 Carlos Bianco (@Carli_Bianco) <a href=\"https:\/\/twitter.com\/Carli_Bianco\/status\/1437218143173320704?ref_src=twsrc%5Etfw\" target=\"_blank\" rel=\"noopener\">September 13, 2021<\/a><\/p><\/blockquote>\n<p><script async src=\"https:\/\/platform.twitter.com\/widgets.js\" charset=\"utf-8\"><\/script><\/p>\n<p>&nbsp;<\/p>\n","protected":false},"excerpt":{"rendered":"<p>&nbsp; El jefe de Gabinete bonaerense, Carlos Bianco, destac\u00f3 el descenso de casos de coronavirus en la provincia de Buenos<\/p>\n","protected":false},"author":1,"featured_media":61409,"comment_status":"closed","ping_status":"closed","sticky":false,"template":"","format":"standard","meta":{"kia_subtitle":"","footnotes":"","jetpack_publicize_message":"","jetpack_publicize_feature_enabled":true,"jetpack_social_post_already_shared":true,"jetpack_social_options":{"image_generator_settings":{"template":"highway","default_image_id":0,"font":"","enabled":false},"version":2}},"categories":[3,56],"tags":[],"class_list":["post-61408","post","type-post","status-publish","format-standard","has-post-thumbnail","hentry","category-actualidad","category-buenos-aires"],"jetpack_publicize_connections":[],"jetpack_featured_media_url":"https:\/\/laurbedigital.com.ar\/noticias\/wp-content\/uploads\/2021\/09\/20210913-casos.jpg","_links":{"self":[{"href":"https:\/\/laurbedigital.com.ar\/noticias\/wp-json\/wp\/v2\/posts\/61408","targetHints":{"allow":["GET"]}}],"collection":[{"href":"https:\/\/laurbedigital.com.ar\/noticias\/wp-json\/wp\/v2\/posts"}],"about":[{"href":"https:\/\/laurbedigital.com.ar\/noticias\/wp-json\/wp\/v2\/types\/post"}],"author":[{"embeddable":true,"href":"https:\/\/laurbedigital.com.ar\/noticias\/wp-json\/wp\/v2\/users\/1"}],"replies":[{"embeddable":true,"href":"https:\/\/laurbedigital.com.ar\/noticias\/wp-json\/wp\/v2\/comments?post=61408"}],"version-history":[{"count":2,"href":"https:\/\/laurbedigital.com.ar\/noticias\/wp-json\/wp\/v2\/posts\/61408\/revisions"}],"predecessor-version":[{"id":61411,"href":"https:\/\/laurbedigital.com.ar\/noticias\/wp-json\/wp\/v2\/posts\/61408\/revisions\/61411"}],"wp:featuredmedia":[{"embeddable":true,"href":"https:\/\/laurbedigital.com.ar\/noticias\/wp-json\/wp\/v2\/media\/61409"}],"wp:attachment":[{"href":"https:\/\/laurbedigital.com.ar\/noticias\/wp-json\/wp\/v2\/media?parent=61408"}],"wp:term":[{"taxonomy":"category","embeddable":true,"href":"https:\/\/laurbedigital.com.ar\/noticias\/wp-json\/wp\/v2\/categories?post=61408"},{"taxonomy":"post_tag","embeddable":true,"href":"https:\/\/laurbedigital.com.ar\/noticias\/wp-json\/wp\/v2\/tags?post=61408"}],"curies":[{"name":"wp","href":"https:\/\/api.w.org\/{rel}","templated":true}]}}