{"id":6081,"date":"2017-01-11T09:49:49","date_gmt":"2017-01-11T12:49:49","guid":{"rendered":"http:\/\/laurbedigital.com.ar\/noticias\/?p=6081"},"modified":"2017-01-11T09:49:49","modified_gmt":"2017-01-11T12:49:49","slug":"caeran-unos-50-000-puestos-de-trabajo-en-la-industria-textil-argentina","status":"publish","type":"post","link":"https:\/\/laurbedigital.com.ar\/noticias\/2017\/01\/11\/caeran-unos-50-000-puestos-de-trabajo-en-la-industria-textil-argentina\/","title":{"rendered":"Caer\u00e1n unos 50.000 puestos de trabajo en la Industria Textil Argentina"},"content":{"rendered":"<p>Al parecer la llegada de Nicolas Dujovne al Ministerio de hacienda plantea un panorama a\u00fan m\u00e1s sombr\u00edo para la industria textil que deja \u201cmucha tela por cortar\u201d. Nuevos despidos, suspensiones llegar\u00e1n para este primer trimestre de 2017.<span id=\"more-13972\"><\/span><\/p>\n<p>La ca\u00edda del Sector comenz\u00f3 a partir del comienzo de la gesti\u00f3n macrista frente al Gobierno Naciona. En forma sostenida se mantiene \u201cen baja\u201d por un per\u00edodo ya de nueve (9) meses. Los indicadores del INDEC concluyen en el mismo sentido.<\/p>\n<p>El Estimador Mensual Industrial (EMI), noviembre de 2016 present\u00f3 una baja del 4,1% con respecto al mismo mes de 2015. En tanto, la actividad industrial de los primeros once meses de 2016 en relaci\u00f3n con el mismo per\u00edo\u00addo del a\u00f1o anterior muestra una disminuci\u00f3n del 4,9%. En este contexto, uno de los sectores m\u00e1s perjudicados fue el textil, que derrumb\u00f3 su producci\u00f3n en un 27,7% en noviembre.<\/p>\n<p>Los datos son complementados por la Confederaci\u00f3n Argentina de la Mediana Empresa (CAME), la cual inform\u00f3 que en el rubro \u201ctextil e indumentaria\u201d se registr\u00f3 una ca\u00edda del 7,8% en las ventas durante el a\u00f1o. La organizaci\u00f3n tambi\u00e9n se\u00f1al\u00f3 que m\u00e1s del 50% de las pymes industriales tienen baja o nula rentabilidad.<\/p>\n<p>Las medidas claves para esta situaci\u00f3n pasaron por el abandono de las Declaraciones Juradas Anticipadas de Importaci\u00f3n (DJAI) por el Sistema Integral de Monitoreo de Importaciones (SIMI) deriv\u00f3 en la liberaci\u00f3n de unas 18.000 posiciones arancelarias sobre un total de 19.000. Tambi\u00e9n hay que mencionar la apertura indiscriminada de las importaciones, la reducci\u00f3n del mercado interno y el aumento de las tarifas de agua, gas y luz fueron golpes sucesivos para la actividad.<\/p>\n<p>En este sentido, Eduardo Fern\u00e1ndez, presidente de la Asamblea de Peque\u00f1os y Medianos Empresarios (Apyme),\u201cNoso\u00adtros consideramos que es un c\u00f3ctel de tipo letal\u201d, afirm\u00f3 Fern\u00e1ndez, quien describi\u00f3 que \u201cla situaci\u00f3n es angustiante debido a la baja de la producci\u00f3n en el mercado interno, por el ingreso de importaciones y por los famosos paseos de compras que se han desarrollado en las zonas de fronteras, donde se venden electrodom\u00e9sticos o prendas de vestir\u201d.<\/p>\n<p>Agreg\u00f3 adem\u00e1s, \u201cel aumento de costos ha sido fatal, el energ\u00e9tico, el de log\u00edstica, el costo del inter\u00e9s financiero, porque por cuestiones de temporadas y modas hay tiempos en los que hay que financiarse. Esto implic\u00f3 retracciones muy grandes en la industria textil, en algunos casos superiores al 35%\u201d.<\/p>\n<p>Tambi\u00e9n hubo referencias a las cesant\u00edas laborales: \u201cEn cuanto a las cesant\u00edas, hubo 5.500 hasta noviembre en todo el pa\u00eds. En tanto, peligran entre 50.000 y 60.000 puestos de trabajo hasta abril\u201d, asegur\u00f3. Por \u00faltimo, expres\u00f3: \u201cEstamos tratando de aguantar, pero hay riesgo de que la gente pierda el trabajo y se trata de familias, as\u00ed que a esos trabajadores hay que multiplicarlos por tres o por cuatro\u201d.<\/p>\n<p>Oficialmente se habla de reconversi\u00f3n laboral a modo de interpretar \u201creconvertir\u201d como reducci\u00f3n de los costos laborales. Una de las primeras medidas apuntar\u00eda a recortar las cargas sociales. La apuesta del oficialismo es impulsar una industria de la confecci\u00f3n para generar nuevos puestos de trabajo con un bajo costo de capital.<br \/>\nPa\u00edses como M\u00e9xico, Honduras, China y Pakist\u00e1n, entre otros, donde se desarrolla el trabajo con mano de obra barata. Es lo que se conoce como la \u201cmaquila textil\u201d, que se caracteriza por emplear en su mayor\u00eda a mujeres, quienes reciben un sueldo mucho menor al de los hombres. Adem\u00e1s, seg\u00fan informes de la Organizaci\u00f3n Internacional del Trabajo, se proh\u00edben o restringen los sindicatos y no se aplica la legislaci\u00f3n en materia de salud, seguridad y vacaciones.<\/p>\n<p>Respecto a este intento del Gobierno, Eduardo Fern\u00e1ndez, de Apyme, sostuvo: \u201cPareciera que la \u00faltima intenci\u00f3n es esa, se tienta mucho a los empresarios con esto. Se insiste con los costos laborales, pero medidas como estas van a generar una sensible reducci\u00f3n del mercado interno, lo que ser\u00eda equivalente a pegarnos un tiro en el pie\u201d.<\/p>\n<p>En tanto, el presidente de la C\u00e1mara Textil de Luj\u00e1n, Rodolfo Bianchi, apunt\u00f3: \u201cEl Gobierno no nos est\u00e1 atendiendo, nos minti\u00f3 y ahora no tiene qu\u00e9 decirnos\u201d. No obstante, advirti\u00f3: \u201cEsta vez no nos van a llevar por delante, no es como en los a\u00f1os 90; las organizaciones est\u00e1n despiertas y se van a unir. A nadie le gusta que le toquen el bolsillo, yo creo que van a tener que rever todo esto\u201d.<\/p>\n<h5>Datos del \u00edndice oficial:<\/h5>\n<p>\u2013 27,7% es la ca\u00edda de la actividad registrada en noviembre seg\u00fan datos del Indec.<br \/>\n\u2013 45% es la retracci\u00f3n en algunas regiones, seg\u00fan indicaron representantes de pymes.<br \/>\n\u2013 4,9% fue la disminuci\u00f3n en la actividad industrial en los primeros once meses de 2016 en relaci\u00f3n con el mismo per\u00edodo de 2015.<br \/>\n\u2013 30,8% cay\u00f3 la producci\u00f3n de hilados de algod\u00f3n en noviembre de 2016, respecto al mismo mes del a\u00f1o anterior.<br \/>\n\u2013 26,7% disminuy\u00f3 la elaboraci\u00f3n de tejidos.<br \/>\n\u2013 2,2% es el promedio de la ca\u00edda de la producci\u00f3n del rubro textil entre enero y noviembre de 2016.<br \/>\n\u2013 21,4% es la ca\u00edda de la producci\u00f3n de fibras sint\u00e9ticas y artificiales.<br \/>\n\u2013 40% baj\u00f3 la capacidad instalada en el sector (textil) durante el a\u00f1o.<br \/>\n\u2013 5.500 trabajadores fueron despedidos.<br \/>\n\u2013 M\u00e1s de 50.000 obreros podr\u00edan perder su empleo en el primer trimestre del a\u00f1o.<\/p>\n","protected":false},"excerpt":{"rendered":"<p>Al parecer la llegada de Nicolas Dujovne al Ministerio de hacienda plantea un panorama a\u00fan m\u00e1s sombr\u00edo para la industria<\/p>\n","protected":false},"author":1,"featured_media":6082,"comment_status":"closed","ping_status":"closed","sticky":false,"template":"","format":"standard","meta":{"kia_subtitle":"","footnotes":"","jetpack_publicize_message":"","jetpack_publicize_feature_enabled":true,"jetpack_social_post_already_shared":true,"jetpack_social_options":{"image_generator_settings":{"template":"highway","default_image_id":0,"font":"","enabled":false},"version":2}},"categories":[3,41],"tags":[],"class_list":["post-6081","post","type-post","status-publish","format-standard","has-post-thumbnail","hentry","category-actualidad","category-nacionales"],"jetpack_publicize_connections":[],"jetpack_featured_media_url":"https:\/\/laurbedigital.com.ar\/noticias\/wp-content\/uploads\/2017\/01\/20170111-nac-1.jpg","_links":{"self":[{"href":"https:\/\/laurbedigital.com.ar\/noticias\/wp-json\/wp\/v2\/posts\/6081","targetHints":{"allow":["GET"]}}],"collection":[{"href":"https:\/\/laurbedigital.com.ar\/noticias\/wp-json\/wp\/v2\/posts"}],"about":[{"href":"https:\/\/laurbedigital.com.ar\/noticias\/wp-json\/wp\/v2\/types\/post"}],"author":[{"embeddable":true,"href":"https:\/\/laurbedigital.com.ar\/noticias\/wp-json\/wp\/v2\/users\/1"}],"replies":[{"embeddable":true,"href":"https:\/\/laurbedigital.com.ar\/noticias\/wp-json\/wp\/v2\/comments?post=6081"}],"version-history":[{"count":1,"href":"https:\/\/laurbedigital.com.ar\/noticias\/wp-json\/wp\/v2\/posts\/6081\/revisions"}],"predecessor-version":[{"id":6083,"href":"https:\/\/laurbedigital.com.ar\/noticias\/wp-json\/wp\/v2\/posts\/6081\/revisions\/6083"}],"wp:featuredmedia":[{"embeddable":true,"href":"https:\/\/laurbedigital.com.ar\/noticias\/wp-json\/wp\/v2\/media\/6082"}],"wp:attachment":[{"href":"https:\/\/laurbedigital.com.ar\/noticias\/wp-json\/wp\/v2\/media?parent=6081"}],"wp:term":[{"taxonomy":"category","embeddable":true,"href":"https:\/\/laurbedigital.com.ar\/noticias\/wp-json\/wp\/v2\/categories?post=6081"},{"taxonomy":"post_tag","embeddable":true,"href":"https:\/\/laurbedigital.com.ar\/noticias\/wp-json\/wp\/v2\/tags?post=6081"}],"curies":[{"name":"wp","href":"https:\/\/api.w.org\/{rel}","templated":true}]}}