{"id":607,"date":"2016-01-23T23:51:28","date_gmt":"2016-01-23T23:51:28","guid":{"rendered":"http:\/\/laurbedigital.com.ar\/noticias\/?p=607"},"modified":"2016-01-23T23:51:28","modified_gmt":"2016-01-23T23:51:28","slug":"surge-una-segunda-generacion-de-virus-del-ebola-y-la-oms-no-sabe-como-controlarla","status":"publish","type":"post","link":"https:\/\/laurbedigital.com.ar\/noticias\/2016\/01\/23\/surge-una-segunda-generacion-de-virus-del-ebola-y-la-oms-no-sabe-como-controlarla\/","title":{"rendered":"Surge una segunda generaci\u00f3n de virus del \u00c9bola y la OMS no sabe c\u00f3mo controlarla"},"content":{"rendered":"<p>Desde la Organizaci\u00f3n Mundial de la Salud se\u00f1alan que por ahora \u00abno queda claro si habr\u00e1 una tercera\u00bb generaci\u00f3n.<\/p>\n<p>Los nuevos casos de la enfermedad del \u00c9bola ocurridos a mediados de este mes en Sierra Leona pertenecen a otra generaci\u00f3n del virus, se\u00f1al\u00f3 este viernes a la agencia RIA Novosti Bruce Aylward, responsable especial de la Organizaci\u00f3n Mundial de la Salud (OMS) de la lucha contra el \u00e9bola.<\/p>\n<p>\u00abSe trata de la segunda generaci\u00f3n. No queda claro si habr\u00e1 una tercera. La segunda generaci\u00f3n no est\u00e1 controlada\u00bb, detall\u00f3 Aylward.<\/p>\n<p>El pasado 15 de enero las autoridades de Sierra Leona confirmaron la aparici\u00f3n de un nuevo caso de \u00e9bola que encendi\u00f3 las alarmas, ya que la noticia lleg\u00f3 un d\u00eda despu\u00e9s de que la Organizaci\u00f3n Mundial de la Salud anunciara el fin del brote de este letal virus en \u00c1frica Occidental. La enfermedad fue detectada en el cuerpo de una mujer de 22 a\u00f1os, fallecida a principios de este mes en el pa\u00eds africano.<\/p>\n<p>La epidemia de \u00e9bola de 2014-2015 es el mayor brote epid\u00e9mico de la enfermedad por el virus del \u00c9bola que se haya registrado y afect\u00f3 a varios pa\u00edses de \u00c1frica Occidental. Seg\u00fan varias denuncias, EE.UU. estar\u00eda detr\u00e1s de este brote, que podr\u00eda utilizarse como arma biol\u00f3gica con fines mercantilistas y geopol\u00edticos en esa regi\u00f3n.<\/p>\n","protected":false},"excerpt":{"rendered":"<p>Desde la Organizaci\u00f3n Mundial de la Salud se\u00f1alan que por ahora \u00abno queda claro si habr\u00e1 una tercera\u00bb generaci\u00f3n. Los<\/p>\n","protected":false},"author":1,"featured_media":608,"comment_status":"closed","ping_status":"closed","sticky":false,"template":"","format":"standard","meta":{"kia_subtitle":"","footnotes":"","jetpack_publicize_message":"","jetpack_publicize_feature_enabled":true,"jetpack_social_post_already_shared":false,"jetpack_social_options":{"image_generator_settings":{"template":"highway","default_image_id":0,"font":"","enabled":false},"version":2}},"categories":[15],"tags":[],"class_list":["post-607","post","type-post","status-publish","format-standard","has-post-thumbnail","hentry","category-tendencias"],"jetpack_publicize_connections":[],"jetpack_featured_media_url":"https:\/\/laurbedigital.com.ar\/noticias\/wp-content\/uploads\/2016\/01\/20160123-ebola.jpg","_links":{"self":[{"href":"https:\/\/laurbedigital.com.ar\/noticias\/wp-json\/wp\/v2\/posts\/607","targetHints":{"allow":["GET"]}}],"collection":[{"href":"https:\/\/laurbedigital.com.ar\/noticias\/wp-json\/wp\/v2\/posts"}],"about":[{"href":"https:\/\/laurbedigital.com.ar\/noticias\/wp-json\/wp\/v2\/types\/post"}],"author":[{"embeddable":true,"href":"https:\/\/laurbedigital.com.ar\/noticias\/wp-json\/wp\/v2\/users\/1"}],"replies":[{"embeddable":true,"href":"https:\/\/laurbedigital.com.ar\/noticias\/wp-json\/wp\/v2\/comments?post=607"}],"version-history":[{"count":1,"href":"https:\/\/laurbedigital.com.ar\/noticias\/wp-json\/wp\/v2\/posts\/607\/revisions"}],"predecessor-version":[{"id":609,"href":"https:\/\/laurbedigital.com.ar\/noticias\/wp-json\/wp\/v2\/posts\/607\/revisions\/609"}],"wp:featuredmedia":[{"embeddable":true,"href":"https:\/\/laurbedigital.com.ar\/noticias\/wp-json\/wp\/v2\/media\/608"}],"wp:attachment":[{"href":"https:\/\/laurbedigital.com.ar\/noticias\/wp-json\/wp\/v2\/media?parent=607"}],"wp:term":[{"taxonomy":"category","embeddable":true,"href":"https:\/\/laurbedigital.com.ar\/noticias\/wp-json\/wp\/v2\/categories?post=607"},{"taxonomy":"post_tag","embeddable":true,"href":"https:\/\/laurbedigital.com.ar\/noticias\/wp-json\/wp\/v2\/tags?post=607"}],"curies":[{"name":"wp","href":"https:\/\/api.w.org\/{rel}","templated":true}]}}